{"id":1325,"date":"2023-09-08T20:26:06","date_gmt":"2023-09-08T18:26:06","guid":{"rendered":"https:\/\/pasaenmendoza.com\/?p=1325"},"modified":"2023-09-08T20:26:07","modified_gmt":"2023-09-08T18:26:07","slug":"patricia-bullrich-tras-el-reves-judicial-por-ypf-que-la-guita-la-ponga-el-kirchnerismo","status":"publish","type":"post","link":"https:\/\/pasaenmendoza.com\/?p=1325","title":{"rendered":"Patricia Bullrich tras el rev\u00e9s judicial por YPF: \u201cQue la guita la ponga el kirchnerismo\u201d"},"content":{"rendered":"\n<p><strong>Patricia Bullrich<\/strong>&nbsp;apunt\u00f3 contra&nbsp;<strong>Cristina Fern\u00e1ndez de Kirchner&nbsp;<\/strong>luego de que la Corte de Nueva York le orden\u00f3 pagar a la Argentina 16.000 millones de d\u00f3lares por la expropiaci\u00f3n de YPF. \u201c<em>Que la guita la ponga el kirchnerismo<\/em>\u201c, dijo la candidata a presidenta por Juntos por el Cambio.<\/p>\n\n\n\n<p>\u201c<em>\u00a1Qu\u00e9 caro nos cuestan los K a los argentinos! Siempre me opuse a la barbaridad de una expropiaci\u00f3n sin cumplir con la Constituci\u00f3n. Ahora que la paguen de su bolsillo<\/em>\u201d, lanz\u00f3 Bullrich en su cuenta de Twitter.<\/p>\n\n\n\n<figure class=\"wp-block-image size-full\"><img decoding=\"async\" loading=\"lazy\" width=\"467\" height=\"707\" src=\"https:\/\/pasaenmendoza.com\/wp-content\/uploads\/2023\/09\/1.111.jpg\" alt=\"\" class=\"wp-image-1327\" srcset=\"https:\/\/pasaenmendoza.com\/wp-content\/uploads\/2023\/09\/1.111.jpg 467w, https:\/\/pasaenmendoza.com\/wp-content\/uploads\/2023\/09\/1.111-198x300.jpg 198w, https:\/\/pasaenmendoza.com\/wp-content\/uploads\/2023\/09\/1.111-150x227.jpg 150w, https:\/\/pasaenmendoza.com\/wp-content\/uploads\/2023\/09\/1.111-300x454.jpg 300w\" sizes=\"(max-width: 467px) 100vw, 467px\" \/><\/figure>\n\n\n\n<p>En 2012, durante el tercer gobierno\u00a0<strong>kirchnerista<\/strong>, el Gobierno tom\u00f3 el control de la petrolera con el aval de parte de la oposici\u00f3n.<\/p>\n\n\n\n<p>Sin embargo, este viernes, la jueza Loretta Preska, desde Nueva York, determin\u00f3 que Argentina deber\u00e1 pagar un resarcimiento por da\u00f1os econ\u00f3micos a los fondos Loretta Preska, desde Nueva York.<\/p>\n\n\n\n<p><strong>Fuente: www.elsol.com.ar<\/strong><\/p>\n","protected":false},"excerpt":{"rendered":"<p>Patricia Bullrich&nbsp;apunt\u00f3 contra&nbsp;Cristina Fern\u00e1ndez de Kirchner&nbsp;luego de que la Corte de Nueva York le orden\u00f3 pagar a la Argentina 16.000 millones de d\u00f3lares por la expropiaci\u00f3n de YPF. \u201cQue la guita la ponga el kirchnerismo\u201c, dijo la candidata a presidenta por Juntos por el Cambio. \u201c\u00a1Qu\u00e9 caro nos cuestan los K a los argentinos! Siempre [&hellip;]<\/p>\n","protected":false},"author":2,"featured_media":1329,"comment_status":"open","ping_status":"open","sticky":false,"template":"","format":"standard","meta":[],"categories":[47],"tags":[],"_links":{"self":[{"href":"https:\/\/pasaenmendoza.com\/index.php?rest_route=\/wp\/v2\/posts\/1325"}],"collection":[{"href":"https:\/\/pasaenmendoza.com\/index.php?rest_route=\/wp\/v2\/posts"}],"about":[{"href":"https:\/\/pasaenmendoza.com\/index.php?rest_route=\/wp\/v2\/types\/post"}],"author":[{"embeddable":true,"href":"https:\/\/pasaenmendoza.com\/index.php?rest_route=\/wp\/v2\/users\/2"}],"replies":[{"embeddable":true,"href":"https:\/\/pasaenmendoza.com\/index.php?rest_route=%2Fwp%2Fv2%2Fcomments&post=1325"}],"version-history":[{"count":1,"href":"https:\/\/pasaenmendoza.com\/index.php?rest_route=\/wp\/v2\/posts\/1325\/revisions"}],"predecessor-version":[{"id":1328,"href":"https:\/\/pasaenmendoza.com\/index.php?rest_route=\/wp\/v2\/posts\/1325\/revisions\/1328"}],"wp:featuredmedia":[{"embeddable":true,"href":"https:\/\/pasaenmendoza.com\/index.php?rest_route=\/wp\/v2\/media\/1329"}],"wp:attachment":[{"href":"https:\/\/pasaenmendoza.com\/index.php?rest_route=%2Fwp%2Fv2%2Fmedia&parent=1325"}],"wp:term":[{"taxonomy":"category","embeddable":true,"href":"https:\/\/pasaenmendoza.com\/index.php?rest_route=%2Fwp%2Fv2%2Fcategories&post=1325"},{"taxonomy":"post_tag","embeddable":true,"href":"https:\/\/pasaenmendoza.com\/index.php?rest_route=%2Fwp%2Fv2%2Ftags&post=1325"}],"curies":[{"name":"wp","href":"https:\/\/api.w.org\/{rel}","templated":true}]}}