{"id":13266,"date":"2025-06-03T00:49:57","date_gmt":"2025-06-02T22:49:57","guid":{"rendered":"https:\/\/pasaenmendoza.com\/?p=13266"},"modified":"2025-06-03T00:49:58","modified_gmt":"2025-06-02T22:49:58","slug":"el-gobierno-anticipo-un-plan-para-prevenir-robos-en-las-paradas","status":"publish","type":"post","link":"https:\/\/pasaenmendoza.com\/?p=13266","title":{"rendered":"El Gobierno anticip\u00f3 un plan para prevenir robos en las paradas"},"content":{"rendered":"\n<p>El subsecretario de Transporte de Mendoza,&nbsp;<strong>Luis Borrego<\/strong>, celebr\u00f3 los resultados obtenidos en la reciente&nbsp;<em>Encuesta de Calidad del Transporte P\u00fablico 2024<\/em>, la cual arroj\u00f3 que el&nbsp;<strong>71,4% de los usuarios considera el servicio \u201cbueno\u201d o \u201cmuy bueno\u201d<\/strong>. En di\u00e1logo con<strong>&nbsp;<em>El Sol<\/em><\/strong>, el funcionario subray\u00f3 que ese nivel de aprobaci\u00f3n confirma el impacto de las pol\u00edticas implementadas, aunque reconoci\u00f3 que todav\u00eda hay aspectos cr\u00edticos que requieren atenci\u00f3n, como&nbsp;<strong>la seguridad en las paradas, la iluminaci\u00f3n y el valor del boleto<\/strong>.<\/p>\n\n\n\n<p><em>\u201cSe trabaja de forma articulada con el Ministerio de Seguridad y con las municipalidades\u201d<\/em>, explic\u00f3&nbsp;<strong>Borrego&nbsp;<\/strong>al referirse a las medidas para&nbsp;<strong>reducir la inseguridad<\/strong>&nbsp;en las paradas. En ese marco, adelant\u00f3 que ya se est\u00e1n planificando mejoras en la iluminaci\u00f3n de los refugios, as\u00ed como la reubicaci\u00f3n de paradas en zonas conflictivas y el refuerzo de patrullajes policiales en horarios cr\u00edticos.<\/p>\n\n\n\n<p>Adem\u00e1s, resalt\u00f3 el rol de la tecnolog\u00eda en este contexto: \u201cM\u00e1s del 80% de los usuarios ya utiliza la app&nbsp;<em><strong>Mendotran Cu\u00e1ndo Subo<\/strong><\/em>, lo que&nbsp;<strong>colabora directamente con la seguridad<\/strong>, ya que permite reducir el tiempo de espera en la parada, especialmente durante la noche o en lugares con menor circulaci\u00f3n\u201d.<\/p>\n\n\n\n<p>Respecto al costo del pasaje,&nbsp;<strong>Borrego&nbsp;<\/strong>reconoci\u00f3 que&nbsp;<strong>los aumentos est\u00e1n atados a los procesos inflacionarios<\/strong>, pero asegur\u00f3 que Mendoza mantiene una de las tarifas m\u00e1s bajas del pa\u00eds. Tambi\u00e9n remarc\u00f3 que solo el 40% de los usuarios paga el boleto pleno, ya que el resto cuenta con descuentos o subsidios provinciales:&nbsp;<em>\u201cEl sistema sigue siendo accesible gracias al fuerte acompa\u00f1amiento del Gobierno provincial\u201d<\/em>.<\/p>\n\n\n\n<p>El funcionario tambi\u00e9n puso en valor el hecho de que el Ejecutivo&nbsp;<strong>sostiene m\u00e1s del 64% del costo del sistema con fondos propios<\/strong>, lo que \u2014seg\u00fan remarc\u00f3\u2014 permite que el transporte p\u00fablico siga siendo una herramienta de integraci\u00f3n social.&nbsp;<em>\u201cEl transporte conecta a los mendocinos con&nbsp;<strong>la salud, la educaci\u00f3n y el trabajo<\/strong>. Es una inversi\u00f3n en calidad de vida\u201d<\/em>, concluy\u00f3.<\/p>\n\n\n\n<p>La encuesta, realizada en conjunto por el&nbsp;<em>Ente de Movilidad Provincial&nbsp;(EMOP)<\/em>&nbsp;y la&nbsp;<em>Direcci\u00f3n de Estad\u00edsticas e Investigaciones Econ\u00f3micas (DEIE)<\/em>, dej\u00f3 en evidencia&nbsp;<strong>una satisfacci\u00f3n general positiva<\/strong>, pero tambi\u00e9n&nbsp;<strong>plante\u00f3 desaf\u00edos concretos<\/strong>. Desde la&nbsp;<strong>Subsecretar\u00eda de Transporte<\/strong>&nbsp;aseguran que esos datos se transformar\u00e1n en<strong>&nbsp;<\/strong>insumos clave para dise\u00f1ar pol\u00edticas p\u00fablicas m\u00e1s eficaces y alineadas con las necesidades reales de los usuarios.<\/p>\n\n\n\n<p>Finalmente,&nbsp;<strong>Borrego&nbsp;<\/strong>destac\u00f3 que el relevamiento tambi\u00e9n contempl\u00f3&nbsp;<strong>las zonas suburbanas y los servicios de media y larga distancia<\/strong>, donde algunos indicadores mostraron niveles de satisfacci\u00f3n m\u00e1s bajos.<\/p>\n\n\n\n<p>En este sentido, adelant\u00f3:&nbsp;<em>\u201cEstamos trabajando muy fuerte en todo lo que es media y larga distancia con la implementaci\u00f3n del sistema SUBE. Esto acercar\u00e1 herramientas fundamentales como el&nbsp;<strong>transbordo, la segmentaci\u00f3n horaria y distintos medios de pago<\/strong>, que ya funcionan en el Gran Mendoza\u201d<\/em>.<\/p>\n\n\n\n<p>La implementaci\u00f3n se realizar\u00e1 en\u00a0<strong>cuatro etapas<\/strong>, comenzando por\u00a0<strong>Lavalle<\/strong>, seguida por la\u00a0<strong>zona Este, zona Centro y zona Sur<\/strong>, antes de que finalice el a\u00f1o.<\/p>\n\n\n\n<p><strong>Fuente: www.elsol.com.ar<\/strong><\/p>\n","protected":false},"excerpt":{"rendered":"<p>El subsecretario de Transporte de Mendoza,&nbsp;Luis Borrego, celebr\u00f3 los resultados obtenidos en la reciente&nbsp;Encuesta de Calidad del Transporte P\u00fablico 2024, la cual arroj\u00f3 que el&nbsp;71,4% de los usuarios considera el servicio \u201cbueno\u201d o \u201cmuy bueno\u201d. En di\u00e1logo con&nbsp;El Sol, el funcionario subray\u00f3 que ese nivel de aprobaci\u00f3n confirma el impacto de las pol\u00edticas implementadas, aunque [&hellip;]<\/p>\n","protected":false},"author":2,"featured_media":13267,"comment_status":"open","ping_status":"open","sticky":false,"template":"","format":"standard","meta":[],"categories":[96],"tags":[],"_links":{"self":[{"href":"https:\/\/pasaenmendoza.com\/index.php?rest_route=\/wp\/v2\/posts\/13266"}],"collection":[{"href":"https:\/\/pasaenmendoza.com\/index.php?rest_route=\/wp\/v2\/posts"}],"about":[{"href":"https:\/\/pasaenmendoza.com\/index.php?rest_route=\/wp\/v2\/types\/post"}],"author":[{"embeddable":true,"href":"https:\/\/pasaenmendoza.com\/index.php?rest_route=\/wp\/v2\/users\/2"}],"replies":[{"embeddable":true,"href":"https:\/\/pasaenmendoza.com\/index.php?rest_route=%2Fwp%2Fv2%2Fcomments&post=13266"}],"version-history":[{"count":1,"href":"https:\/\/pasaenmendoza.com\/index.php?rest_route=\/wp\/v2\/posts\/13266\/revisions"}],"predecessor-version":[{"id":13268,"href":"https:\/\/pasaenmendoza.com\/index.php?rest_route=\/wp\/v2\/posts\/13266\/revisions\/13268"}],"wp:featuredmedia":[{"embeddable":true,"href":"https:\/\/pasaenmendoza.com\/index.php?rest_route=\/wp\/v2\/media\/13267"}],"wp:attachment":[{"href":"https:\/\/pasaenmendoza.com\/index.php?rest_route=%2Fwp%2Fv2%2Fmedia&parent=13266"}],"wp:term":[{"taxonomy":"category","embeddable":true,"href":"https:\/\/pasaenmendoza.com\/index.php?rest_route=%2Fwp%2Fv2%2Fcategories&post=13266"},{"taxonomy":"post_tag","embeddable":true,"href":"https:\/\/pasaenmendoza.com\/index.php?rest_route=%2Fwp%2Fv2%2Ftags&post=13266"}],"curies":[{"name":"wp","href":"https:\/\/api.w.org\/{rel}","templated":true}]}}