{"id":13275,"date":"2025-06-03T16:20:32","date_gmt":"2025-06-03T14:20:32","guid":{"rendered":"https:\/\/pasaenmendoza.com\/?p=13275"},"modified":"2025-06-03T16:20:33","modified_gmt":"2025-06-03T14:20:33","slug":"mas-de-2-000-millones-en-17-furgones-para-el-traslado-de-policias-y-detenidos","status":"publish","type":"post","link":"https:\/\/pasaenmendoza.com\/?p=13275","title":{"rendered":"M\u00e1s de $2.000 millones en 17 furgones para el traslado de polic\u00edas y detenidos"},"content":{"rendered":"\n<p>\u00a0El Gobierno de Mendoza oficializ\u00f3 la compra de<strong>\u00a017 furgones destinados al Ministerio de Seguridad y Justicia<\/strong>, en el marco de una licitaci\u00f3n p\u00fablica adjudicada por un total de\u00a0<strong>$2.030.133.019,39.<\/strong><\/p>\n\n\n\n<p>El<strong>&nbsp;Decreto N\u00b01178<\/strong>, publicado recientemente en el Bolet\u00edn Oficial, detalla la adquisici\u00f3n de<strong>&nbsp;veh\u00edculos especializados para el traslado de efectivos y personas privadas de libertad<\/strong>, con el objetivo de reforzar la operatividad de la Polic\u00eda y el Servicio Penitenciario.<\/p>\n\n\n\n<p>La mayor parte de la compra fue adjudicada a la empresa &#8220;<strong>Arturo Yacopini e Hijos S.A.<\/strong>&#8220;, que proveer\u00e1<strong>\u00a015 furgones Mercedes Benz\u00a0<\/strong>por un valor de\u00a0<strong>$1.816 millones<\/strong>. Las unidades se destacaron por cumplir con los requisitos t\u00e9cnicos, obtener el mayor puntaje en la evaluaci\u00f3n y ofrecer servicios posventa favorables.<\/p>\n\n\n\n<p>Adem\u00e1s, se resolvi\u00f3<strong>\u00a0ampliar la compra inicial<\/strong>\u00a0para incluir unidades adicionales. La firma<strong>\u00a0FICAMEN S.A<\/strong>. fue adjudicada con un\u00a0<strong>furg\u00f3n Iveco Daily<\/strong>\u00a0por\u00a0<strong>$120 millones<\/strong>, y\u00a0<strong>SUR FRANCE S.A.\u00a0<\/strong>aportar\u00e1 un\u00a0<strong>Peugeot Boxer por $94 millones<\/strong>.\u00a0<\/p>\n\n\n\n<p>El financiamiento se realizar\u00e1 con fondos del presupuesto provincial 2025, y se estableci\u00f3 la posibilidad de anticipos financieros a las empresas.&nbsp;<\/p>\n\n\n\n<p>La adjudicaci\u00f3n cont\u00f3 con dict\u00e1menes favorables de la Asesor\u00eda Letrada y la Fiscal\u00eda de Estado, garantizando el cumplimiento de la normativa vigente. El decreto fue firmado por el gobernador Alfredo Cornejo, la ministra de Seguridad, Mercedes Rus, y el ministro de Hacienda, V\u00edctor Fayad.\u00a0<\/p>\n\n\n\n<p><strong>Fuente: www.mendozapost.com<\/strong><\/p>\n","protected":false},"excerpt":{"rendered":"<p>\u00a0El Gobierno de Mendoza oficializ\u00f3 la compra de\u00a017 furgones destinados al Ministerio de Seguridad y Justicia, en el marco de una licitaci\u00f3n p\u00fablica adjudicada por un total de\u00a0$2.030.133.019,39. El&nbsp;Decreto N\u00b01178, publicado recientemente en el Bolet\u00edn Oficial, detalla la adquisici\u00f3n de&nbsp;veh\u00edculos especializados para el traslado de efectivos y personas privadas de libertad, con el objetivo de [&hellip;]<\/p>\n","protected":false},"author":2,"featured_media":13276,"comment_status":"open","ping_status":"open","sticky":false,"template":"","format":"standard","meta":[],"categories":[75],"tags":[],"_links":{"self":[{"href":"https:\/\/pasaenmendoza.com\/index.php?rest_route=\/wp\/v2\/posts\/13275"}],"collection":[{"href":"https:\/\/pasaenmendoza.com\/index.php?rest_route=\/wp\/v2\/posts"}],"about":[{"href":"https:\/\/pasaenmendoza.com\/index.php?rest_route=\/wp\/v2\/types\/post"}],"author":[{"embeddable":true,"href":"https:\/\/pasaenmendoza.com\/index.php?rest_route=\/wp\/v2\/users\/2"}],"replies":[{"embeddable":true,"href":"https:\/\/pasaenmendoza.com\/index.php?rest_route=%2Fwp%2Fv2%2Fcomments&post=13275"}],"version-history":[{"count":1,"href":"https:\/\/pasaenmendoza.com\/index.php?rest_route=\/wp\/v2\/posts\/13275\/revisions"}],"predecessor-version":[{"id":13277,"href":"https:\/\/pasaenmendoza.com\/index.php?rest_route=\/wp\/v2\/posts\/13275\/revisions\/13277"}],"wp:featuredmedia":[{"embeddable":true,"href":"https:\/\/pasaenmendoza.com\/index.php?rest_route=\/wp\/v2\/media\/13276"}],"wp:attachment":[{"href":"https:\/\/pasaenmendoza.com\/index.php?rest_route=%2Fwp%2Fv2%2Fmedia&parent=13275"}],"wp:term":[{"taxonomy":"category","embeddable":true,"href":"https:\/\/pasaenmendoza.com\/index.php?rest_route=%2Fwp%2Fv2%2Fcategories&post=13275"},{"taxonomy":"post_tag","embeddable":true,"href":"https:\/\/pasaenmendoza.com\/index.php?rest_route=%2Fwp%2Fv2%2Ftags&post=13275"}],"curies":[{"name":"wp","href":"https:\/\/api.w.org\/{rel}","templated":true}]}}