{"id":13278,"date":"2025-06-03T16:31:36","date_gmt":"2025-06-03T14:31:36","guid":{"rendered":"https:\/\/pasaenmendoza.com\/?p=13278"},"modified":"2025-06-03T16:31:37","modified_gmt":"2025-06-03T14:31:37","slug":"a-diez-anos-del-primer-ni-una-menos-como-sera-la-movilizacion-y-que-cambio-en-mendoza","status":"publish","type":"post","link":"https:\/\/pasaenmendoza.com\/?p=13278","title":{"rendered":"A diez a\u00f1os del primer Ni Una Menos, c\u00f3mo ser\u00e1 la movilizaci\u00f3n y qu\u00e9 cambi\u00f3 en Mendoza"},"content":{"rendered":"\n<p>Este martes se cumplen diez a\u00f1os de la primera marcha masiva de \u201cNi Una Menos\u201d, donde miles de mujeres salieron a las calles tras el femicidio Chiara P\u00e1ez, una adolescente de 14 a\u00f1os.<\/p>\n\n\n\n<p>Una d\u00e9cada despu\u00e9s, la violencia contin\u00faa y los datos exponen que en 2024, una mujer fue asesinada cada 39 horas en Argentina. Por eso, una nueva jornada de lucha se vivir\u00e1 en Mendoza, con una\u00a0<strong>concentraci\u00f3n que iniciar\u00e1 a las 18, en San Mart\u00edn y Garibaldi.<\/strong><\/p>\n\n\n\n<p><strong>Luisina Blanco<\/strong>, coordinadora del Observatorio de Mumal\u00e1 Mendoza, asegur\u00f3 que si bien en los \u00faltimos a\u00f1os la lucha feminista ha avanzado, a\u00fan queda mucho por recorrer.<\/p>\n\n\n\n<p>\u201c<em>A pesar de la fuerte avanzada en las calles y diferentes conquistas, el Gobierno ha desfinanciado programas que impactan en la vida de las mujeres. Por eso, salimos nuevamente a la calle con las mismas convicciones y los mismos reclamos que hace diez a\u00f1os atr\u00e1s. Con la necesidad de una\u00a0<strong>emergencia en materia de violencia de g\u00e9nero y de tender puentes para que las mujeres puedan salir de los contextos de violencia<\/strong><\/em>\u201c, remarc\u00f3.<\/p>\n\n\n\n<p>El 16 de mayo, el ministro de Justicia Mariano C\u00faneo Libarona, comunic\u00f3 la eliminaci\u00f3n de\u00a0\u201c13 programas ideol\u00f3gicos creados por el kirchnerismo, que eran financiados por todos los argentinos\u201d.\u00a0De esos programas,<strong>\u00a0al menos cuatro trabajaban directamente contra la violencia de g\u00e9nero<\/strong>, como los dispositivos territoriales de protecci\u00f3n integral, que ofrec\u00edan asistencia directa a personas en situaci\u00f3n de violencia, y el programa de\u00a0apoyo urgente ante violencias extremas, destinado a casos cr\u00edticos como intentos de femicidio o travesticidio.<\/p>\n\n\n\n<p>Adem\u00e1s,<strong>\u00a0la L\u00ednea 144 experiment\u00f3 una reducci\u00f3n del 64% en su presupuesto en 2024<\/strong>, seg\u00fan se\u00f1al\u00f3 el an\u00e1lisis de Presupuesto Abierto realizado por la Asociaci\u00f3n Civil por la Igualdad y la Justicia (ACIJ).<\/p>\n\n\n\n<h2 class=\"wp-block-heading\" id=\"h-los-avances\">Los avances<\/h2>\n\n\n\n<p>A pesar de los \u201cdiscursos de odio\u201d, la referente de Mumal\u00e1 destaca que existe un avance dentro de la sociedad, que se encuentra m\u00e1s permeable a ayudar.<\/p>\n\n\n\n<p>\u201c<em>Reconocemos que hay muchos intentos de femicidio que se han evitado.<strong>&nbsp;M\u00e1s del 40% se han evitado por intervenci\u00f3n de la fuerza policial.<\/strong>&nbsp;Esto por vecinos y entornos que se comprometen a salir de su casa y entienden que la violencia de g\u00e9nero es un problema de todos y por eso han llamado al 911<\/em>\u201c, se\u00f1al\u00f3.<\/p>\n\n\n\n<p>Si bien Blanco indic\u00f3 que todav\u00eda falta para que \u201cesto se internalice\u201d y asegur\u00f3 que las pol\u00edticas de g\u00e9nero no se aplican de la misma manera en todo el territorio nacional, resalt\u00f3 la necesidad de contar con<strong>\u00a0espacios de ayuda y contenci\u00f3n a la mujer<\/strong>.<\/p>\n\n\n\n<p>\u201c<em>Est\u00e1 comprobado que las mujeres accionamos cuando contamos con redes y espacios institucionales confiables. De a poco hemos ido sacando algunos prejuicios que exist\u00edan en relaci\u00f3n a las \u00e1reas de g\u00e9nero, a los juzgados de familia, que est\u00e1n asociados con la denuncia ya que son espacios en los que se va a brindar las medidas de protecci\u00f3n de derechos, contenci\u00f3n y orientaci\u00f3n<\/em>\u201c, agreg\u00f3.<\/p>\n\n\n\n<h2 class=\"wp-block-heading\" id=\"h-violencia-de-genero-en-mendoza\">Violencia de g\u00e9nero en Mendoza<\/h2>\n\n\n\n<p>En Mendoza, se registraron<strong>\u00a0seis femicidios en 2024<\/strong>, seg\u00fan inform\u00f3 el Registro Nacional de Femicidios de la Justicia Argentina. De ese total,\u00a0<strong>en la mitad de los casos existi\u00f3 denuncia o violencia previa<\/strong>.<\/p>\n\n\n\n<p>Adem\u00e1s, al momento del crimen, una de las v\u00edctimas contaba con medidas de protecci\u00f3n vigentes, mientras que otra de las mujeres hab\u00eda solicitado\u00a0<strong>medidas que no le fueron otorgadas,\u00a0<\/strong>se\u00f1alaron los datos de de la Oficina de la Mujer que depende de la Corte Suprema.<\/p>\n\n\n\n<p>Con base en el Registro Nacional de Femicidios de Mumal\u00e1,<strong>&nbsp;en lo que va del 2025, seis mujeres han sido asesinadas en la provincia<\/strong>. El mismo n\u00famero que en todo 2024, lo que expone la necesidad urgente de contar con pol\u00edticas de g\u00e9nero y de asistencia a las v\u00edctimas.<\/p>\n\n\n\n<p><em><strong>La L\u00ednea 144 brinda atenci\u00f3n telef\u00f3nica especializada a mujeres v\u00edctimas de violencia de g\u00e9nero durante las 24 horas, los 365 d\u00edas del a\u00f1o. Es an\u00f3nima, gratuita y nacional.<\/strong><\/em><\/p>\n\n\n\n<p><strong>Fuente: www.elsol.com.ar<\/strong><\/p>\n","protected":false},"excerpt":{"rendered":"<p>Este martes se cumplen diez a\u00f1os de la primera marcha masiva de \u201cNi Una Menos\u201d, donde miles de mujeres salieron a las calles tras el femicidio Chiara P\u00e1ez, una adolescente de 14 a\u00f1os. Una d\u00e9cada despu\u00e9s, la violencia contin\u00faa y los datos exponen que en 2024, una mujer fue asesinada cada 39 horas en Argentina. [&hellip;]<\/p>\n","protected":false},"author":2,"featured_media":13279,"comment_status":"open","ping_status":"open","sticky":false,"template":"","format":"standard","meta":[],"categories":[50],"tags":[],"_links":{"self":[{"href":"https:\/\/pasaenmendoza.com\/index.php?rest_route=\/wp\/v2\/posts\/13278"}],"collection":[{"href":"https:\/\/pasaenmendoza.com\/index.php?rest_route=\/wp\/v2\/posts"}],"about":[{"href":"https:\/\/pasaenmendoza.com\/index.php?rest_route=\/wp\/v2\/types\/post"}],"author":[{"embeddable":true,"href":"https:\/\/pasaenmendoza.com\/index.php?rest_route=\/wp\/v2\/users\/2"}],"replies":[{"embeddable":true,"href":"https:\/\/pasaenmendoza.com\/index.php?rest_route=%2Fwp%2Fv2%2Fcomments&post=13278"}],"version-history":[{"count":1,"href":"https:\/\/pasaenmendoza.com\/index.php?rest_route=\/wp\/v2\/posts\/13278\/revisions"}],"predecessor-version":[{"id":13280,"href":"https:\/\/pasaenmendoza.com\/index.php?rest_route=\/wp\/v2\/posts\/13278\/revisions\/13280"}],"wp:featuredmedia":[{"embeddable":true,"href":"https:\/\/pasaenmendoza.com\/index.php?rest_route=\/wp\/v2\/media\/13279"}],"wp:attachment":[{"href":"https:\/\/pasaenmendoza.com\/index.php?rest_route=%2Fwp%2Fv2%2Fmedia&parent=13278"}],"wp:term":[{"taxonomy":"category","embeddable":true,"href":"https:\/\/pasaenmendoza.com\/index.php?rest_route=%2Fwp%2Fv2%2Fcategories&post=13278"},{"taxonomy":"post_tag","embeddable":true,"href":"https:\/\/pasaenmendoza.com\/index.php?rest_route=%2Fwp%2Fv2%2Ftags&post=13278"}],"curies":[{"name":"wp","href":"https:\/\/api.w.org\/{rel}","templated":true}]}}