{"id":13281,"date":"2025-06-03T16:36:01","date_gmt":"2025-06-03T14:36:01","guid":{"rendered":"https:\/\/pasaenmendoza.com\/?p=13281"},"modified":"2025-06-03T16:36:02","modified_gmt":"2025-06-03T14:36:02","slug":"alfredo-cornejo-y-los-gobernadores-se-reunen-por-el-derrumbe-de-la-coparticipacion-federal","status":"publish","type":"post","link":"https:\/\/pasaenmendoza.com\/?p=13281","title":{"rendered":"Alfredo Cornejo y los gobernadores se re\u00fanen por el derrumbe de la coparticipaci\u00f3n federal"},"content":{"rendered":"\n<p>Gobernadores de diferentes espacios pol\u00edticos se reunir\u00e1n hoy en el<strong>&nbsp;Consejo Federal de Inversiones (CFI)&nbsp;<\/strong>para analizar herramientas de financiamiento para hacer frente a proyectos de infraestructura, en medio de la preocupaci\u00f3n que comparten por la ca\u00edda de la coparticipaci\u00f3n federal.&nbsp;<strong>Alfredo Cornejo<\/strong>, gobernador mendocino, lo har\u00e1 de forma virtual.<\/p>\n\n\n\n<p>El encuentro se realiza desde las 11:00 en Azopardo 750, donde el CFI funciona de manera provisoria mientras se realizan obras en sus instalaciones del barrio porte\u00f1o de Retiro.<\/p>\n\n\n\n<p>Ser\u00e1n de la partida, tanto de manera presencial o como por Zoom, Axel Kicillof (Buenos Aires), Sergio Ziliotto (La Pampa),&nbsp;<strong>Alfredo Cornejo (Mendoza)<\/strong>, Alberto Weretilneck (R\u00edo Negro), Carlos Sadir (Jujuy),&nbsp;<strong>Claudio Poggi (San Luis)<\/strong>, Ricardo Quintela (La Rioja), Ignacio Torres (Chubut) y Rogelio Frigerio (Entre R\u00edos).<\/p>\n\n\n\n<p>Tambi\u00e9n estar\u00e1n&nbsp;<strong>Marcelo Orrego (San Juan)<\/strong>, Gustavo Melella (Tierra del Fuego, Ant\u00e1rtida e Islas del Atl\u00e1ntico Sur), Gerardo Zamora (Santiago del Estero); Ra\u00fal Jalil (Catamarca) y Claudio Vidal (Santa Cruz).<\/p>\n\n\n\n<p>Esta reuni\u00f3n se da a dos semanas de que el\u00a0<strong>Gobierno de Mendoza<\/strong>\u00a0firmara el acuerdo con Naci\u00f3n para el traspaso de obras nacionales y ese ser\u00e1 uno de los temas de la reuni\u00f3n, ya que el financiamiento para ese tipo de trabajos est\u00e1 en discusi\u00f3n con otras jurisdicciones. Sin embargo, el foco principal estar\u00e1 puesto en la\u00a0<strong>coparticipaci\u00f3n<\/strong>.<\/p>\n\n\n\n<p>Antes del encuentro circul\u00f3 un documento entre algunos de estos gobernadores que remarcaba que, seg\u00fan datos de la Comisi\u00f3n Federal de Impuestos,&nbsp;<strong>las transferencias autom\u00e1ticas de fondos a las provincias caer\u00edan un 4,2% durante 2025.<\/strong><\/p>\n\n\n\n<p>Las provincias apuntaron contra las \u201c<em>decisiones de pol\u00edtica tributaria del Gobierno Nacional\u201d<\/em>\u00a0y se\u00f1alaron que \u201c<em>la derogaci\u00f3n de la suspensi\u00f3n de los certificados de exclusi\u00f3n referidos a la percepci\u00f3n del impuesto a las\u00a0<strong>ganancias y al IVA<\/strong>; la modificaci\u00f3n del c\u00e1lculo de anticipos de Ganancias para Sociedades; el diferimiento de la actualizaci\u00f3n del\u00a0<strong>Impuesto a los Combustibles<\/strong>; y la reciente reducci\u00f3n y\/o eliminaci\u00f3n de impuestos internos para celulares, televisores y aires acondicionados importados<\/em>\u201c, enumeraron entre las iniciativas que llevaron a esa situaci\u00f3n.<\/p>\n\n\n\n<p><strong>Fuente: www.elsol.com.ar<\/strong><\/p>\n","protected":false},"excerpt":{"rendered":"<p>Gobernadores de diferentes espacios pol\u00edticos se reunir\u00e1n hoy en el&nbsp;Consejo Federal de Inversiones (CFI)&nbsp;para analizar herramientas de financiamiento para hacer frente a proyectos de infraestructura, en medio de la preocupaci\u00f3n que comparten por la ca\u00edda de la coparticipaci\u00f3n federal.&nbsp;Alfredo Cornejo, gobernador mendocino, lo har\u00e1 de forma virtual. El encuentro se realiza desde las 11:00 en [&hellip;]<\/p>\n","protected":false},"author":2,"featured_media":13282,"comment_status":"open","ping_status":"open","sticky":false,"template":"","format":"standard","meta":[],"categories":[47],"tags":[],"_links":{"self":[{"href":"https:\/\/pasaenmendoza.com\/index.php?rest_route=\/wp\/v2\/posts\/13281"}],"collection":[{"href":"https:\/\/pasaenmendoza.com\/index.php?rest_route=\/wp\/v2\/posts"}],"about":[{"href":"https:\/\/pasaenmendoza.com\/index.php?rest_route=\/wp\/v2\/types\/post"}],"author":[{"embeddable":true,"href":"https:\/\/pasaenmendoza.com\/index.php?rest_route=\/wp\/v2\/users\/2"}],"replies":[{"embeddable":true,"href":"https:\/\/pasaenmendoza.com\/index.php?rest_route=%2Fwp%2Fv2%2Fcomments&post=13281"}],"version-history":[{"count":1,"href":"https:\/\/pasaenmendoza.com\/index.php?rest_route=\/wp\/v2\/posts\/13281\/revisions"}],"predecessor-version":[{"id":13283,"href":"https:\/\/pasaenmendoza.com\/index.php?rest_route=\/wp\/v2\/posts\/13281\/revisions\/13283"}],"wp:featuredmedia":[{"embeddable":true,"href":"https:\/\/pasaenmendoza.com\/index.php?rest_route=\/wp\/v2\/media\/13282"}],"wp:attachment":[{"href":"https:\/\/pasaenmendoza.com\/index.php?rest_route=%2Fwp%2Fv2%2Fmedia&parent=13281"}],"wp:term":[{"taxonomy":"category","embeddable":true,"href":"https:\/\/pasaenmendoza.com\/index.php?rest_route=%2Fwp%2Fv2%2Fcategories&post=13281"},{"taxonomy":"post_tag","embeddable":true,"href":"https:\/\/pasaenmendoza.com\/index.php?rest_route=%2Fwp%2Fv2%2Ftags&post=13281"}],"curies":[{"name":"wp","href":"https:\/\/api.w.org\/{rel}","templated":true}]}}