{"id":13284,"date":"2025-06-03T23:48:14","date_gmt":"2025-06-03T21:48:14","guid":{"rendered":"https:\/\/pasaenmendoza.com\/?p=13284"},"modified":"2025-06-03T23:48:15","modified_gmt":"2025-06-03T21:48:15","slug":"aumentaron-un-20-las-consultas-por-bronquiolitis-en-el-notti-pero-aseguran-que-bajaron-las-internaciones","status":"publish","type":"post","link":"https:\/\/pasaenmendoza.com\/?p=13284","title":{"rendered":"Aumentaron un 20% las consultas por bronquiolitis en el Notti pero aseguran que bajaron las internaciones"},"content":{"rendered":"\n<p>La jefa de Infectolog\u00eda del\u00a0<strong>Hospital Notti<\/strong>,\u00a0<strong>Lorena Dipauli<\/strong>, se\u00f1al\u00f3 que entre las semanas epidemiol\u00f3gicas 15 y 20, principios de abril y mediados de mayo, aument\u00f3 en un 20% los casos de enfermedades\u00a0<strong>respiratorias en las v\u00edas superiores<\/strong>, como la\u00a0<strong>influenza<\/strong>\u00a0y el\u00a0<strong>Virus Sincicial Respiratorio (VSR)\u00a0<\/strong>los cuadros de<strong>\u00a0bronquiolitis<\/strong>, aunque hubo un descenso notable en las internaciones por esta \u00faltima respecto de 2024.<\/p>\n\n\n\n<p>Dipauli destac\u00f3 que en mayo del a\u00f1o pasado se hospitalizaron 7.14 % de los pacientes que consultaron por&nbsp;<strong>bronquiolitis<\/strong>&nbsp;(ni\u00f1os menores de 2 a\u00f1os). Mientras que hasta el 31 de mayo,&nbsp;<strong>s\u00f3lo el 2% de los pacientes<\/strong>&nbsp;asistidos por esta enfermedad tuvieron que quedar en&nbsp;<strong>internaci\u00f3n<\/strong>. A esta edad, la enfermedad puede ser mortal.<\/p>\n\n\n\n<p>Mientras que en el caso de las\u00a0<strong>neumon\u00edas<\/strong>\u00a0en abril, hubo 78 consultas y hasta el 17 de mayo se registraron 61. El dato que todav\u00eda no es concluyente, permite visibilizar una<strong>\u00a0baja de casos\u00a0<\/strong>con respecto al 2024. Dipauli destac\u00f3 que la baja puede estar asociada a un\u00a0<strong>oto\u00f1o m\u00e1s c\u00e1lido.<\/strong><\/p>\n\n\n\n<p>Sobre este cuadro m\u00e1s severo, la profesional destac\u00f3 que se mantuvo estable.<\/p>\n\n\n\n<h2 class=\"wp-block-heading\">Los casos de gripe y bronquiolitis a nivel nacional<\/h2>\n\n\n\n<p>De acuerdo con el \u00faltimo&nbsp;<strong>Bolet\u00edn Epidemiol\u00f3gico de Naci\u00f3n<\/strong>, en lo que va de 2025, se verifica un ascenso de detecciones de&nbsp;<strong>influenza<\/strong>&nbsp;desde la semana epidemiol\u00f3gica 13, a finales de marzo. Los casos corresponden predominantemente a influenza A, con un total de 214 detecciones en lo que va de 2025, y un menor n\u00famero de casos de influenza B (n=12). En relaci\u00f3n a los casos de Influenza A, se registraron 61 detecciones de H1N1 (el resto permanece sin subtipificar) y, entre los casos de influenza B, se registraron 5 detecciones del linaje Victoria.<\/p>\n\n\n\n<p>En cuanto a IRAG con diagn\u00f3stico de Virus Sincicial Respiratoria, desde SE18\/2024 se\u00a0<strong>registr\u00f3 tendencia ascendente tanto de casos como del porcentaje de positividad, que alcanzaron valores m\u00e1ximos en SE28\/2024,<\/strong>\u00a0con descenso posterior, permaneciendo estable y en valores bajos desde SE41\/2024 hasta la actualidad, con un ligero aumento en las \u00faltimas 2 SE (20 y 21).<\/p>\n\n\n\n<p>El cuadro refleja que la&nbsp;<strong>Influenza<\/strong>&nbsp;es predominante en los grupos de m\u00e1s edad y el virus de la bronquiolitis tiene una mayor positividad a m\u00e1s cortar edad de la vida. Se compara mediados de abril \/mayo de 2024 con 2025.<\/p>\n\n\n\n<h2 class=\"wp-block-heading\">Las recomendaciones de la infect\u00f3loga del Notti<\/h2>\n\n\n\n<p><strong>Dipauli&nbsp;<\/strong>indic\u00f3 que el esquema de vacunaci\u00f3n completa es uno de los aspectos a tener en cuenta y la segunda recomendaci\u00f3n es que los chicos no asistan a las escuelas cuando est\u00e1n enfermos.<\/p>\n\n\n\n<p>&#8220;La higiene de manos, lo mismo que habl\u00e1bamos para COVID, toser en el codo, y la higiene cada vez que nos limpiamos la nariz o estornudamos&#8221;, indic\u00f3 la especialista.<\/p>\n\n\n\n<p><strong>Fuente: www.diariouno.com.ar<\/strong><\/p>\n","protected":false},"excerpt":{"rendered":"<p>La jefa de Infectolog\u00eda del\u00a0Hospital Notti,\u00a0Lorena Dipauli, se\u00f1al\u00f3 que entre las semanas epidemiol\u00f3gicas 15 y 20, principios de abril y mediados de mayo, aument\u00f3 en un 20% los casos de enfermedades\u00a0respiratorias en las v\u00edas superiores, como la\u00a0influenza\u00a0y el\u00a0Virus Sincicial Respiratorio (VSR)\u00a0los cuadros de\u00a0bronquiolitis, aunque hubo un descenso notable en las internaciones por esta \u00faltima respecto [&hellip;]<\/p>\n","protected":false},"author":2,"featured_media":13285,"comment_status":"open","ping_status":"open","sticky":false,"template":"","format":"standard","meta":[],"categories":[58],"tags":[],"_links":{"self":[{"href":"https:\/\/pasaenmendoza.com\/index.php?rest_route=\/wp\/v2\/posts\/13284"}],"collection":[{"href":"https:\/\/pasaenmendoza.com\/index.php?rest_route=\/wp\/v2\/posts"}],"about":[{"href":"https:\/\/pasaenmendoza.com\/index.php?rest_route=\/wp\/v2\/types\/post"}],"author":[{"embeddable":true,"href":"https:\/\/pasaenmendoza.com\/index.php?rest_route=\/wp\/v2\/users\/2"}],"replies":[{"embeddable":true,"href":"https:\/\/pasaenmendoza.com\/index.php?rest_route=%2Fwp%2Fv2%2Fcomments&post=13284"}],"version-history":[{"count":1,"href":"https:\/\/pasaenmendoza.com\/index.php?rest_route=\/wp\/v2\/posts\/13284\/revisions"}],"predecessor-version":[{"id":13286,"href":"https:\/\/pasaenmendoza.com\/index.php?rest_route=\/wp\/v2\/posts\/13284\/revisions\/13286"}],"wp:featuredmedia":[{"embeddable":true,"href":"https:\/\/pasaenmendoza.com\/index.php?rest_route=\/wp\/v2\/media\/13285"}],"wp:attachment":[{"href":"https:\/\/pasaenmendoza.com\/index.php?rest_route=%2Fwp%2Fv2%2Fmedia&parent=13284"}],"wp:term":[{"taxonomy":"category","embeddable":true,"href":"https:\/\/pasaenmendoza.com\/index.php?rest_route=%2Fwp%2Fv2%2Fcategories&post=13284"},{"taxonomy":"post_tag","embeddable":true,"href":"https:\/\/pasaenmendoza.com\/index.php?rest_route=%2Fwp%2Fv2%2Ftags&post=13284"}],"curies":[{"name":"wp","href":"https:\/\/api.w.org\/{rel}","templated":true}]}}