{"id":13287,"date":"2025-06-03T23:53:22","date_gmt":"2025-06-03T21:53:22","guid":{"rendered":"https:\/\/pasaenmendoza.com\/?p=13287"},"modified":"2025-06-03T23:53:22","modified_gmt":"2025-06-03T21:53:22","slug":"cambio-climatico-130-industrias-de-mendoza-deberan-medir-su-nivel-de-contaminacion","status":"publish","type":"post","link":"https:\/\/pasaenmendoza.com\/?p=13287","title":{"rendered":"Cambio clim\u00e1tico: 130 industrias de Mendoza deber\u00e1n medir su nivel de contaminaci\u00f3n"},"content":{"rendered":"\n<p>Desde ahora, las\u00a0<strong>industrias de Mendoza\u00a0<\/strong>que emitan gases\u00a0<strong>efecto invernadero<\/strong>\u00a0deber\u00e1n inscribirse en un Registro Provincial de Emisiones. As\u00ed lo decidi\u00f3 el Gobierno, en funci\u00f3n de pautas<strong>\u00a0de ONU<\/strong>\u00a0en materia de\u00a0<strong>cambio clim\u00e1tico<\/strong>\u00a0y\u00a0<strong>contaminaci\u00f3n<\/strong>.<\/p>\n\n\n\n<p>La decisi\u00f3n se da en el marco del Programa Provincial Integral de Emisi\u00f3n de Gases Efecto Invernadero, creado por el decreto 748 este a\u00f1o. Las empresas tienen&nbsp;<strong>plazo hasta setiembre<\/strong>&nbsp;pr\u00f3ximo para registrar emisiones durante el a\u00f1o 2023.<\/p>\n\n\n\n<p>Manuel S\u00e1nchez Bandini, subsecretario de Energ\u00eda y Miner\u00eda, &#8220;de las 20 mil empresas que hay en la provincia, vamos a empezar por\u00a0<strong>130 industrias con chimeneas que son grandes generadores\u00a0<\/strong>de gases&#8221;.<\/p>\n\n\n\n<p>Si bien el nuevo Registro inicia con industrias, no son los \u00fanicos actores econ\u00f3micos alcanzados. Para el ministerio de Energ\u00eda\u00a0<strong>es la primera etapa de un plan para mitigar la emisi\u00f3n de gases efecto invernadero<\/strong>\u00a0como fin \u00faltimo.<\/p>\n\n\n\n<h2 class=\"wp-block-heading\">Efecto invernadero: qu\u00e9 busca el control a industrias<\/h2>\n\n\n\n<p>&#8220;Se cre\u00f3 con el objeto de establecer un marco regulatorio para&nbsp;<strong>cuantificaci\u00f3n, reporte y gesti\u00f3n<\/strong>&nbsp;de emisiones de&nbsp;<strong>gases de efecto invernadero&nbsp;<\/strong>(GEI) en el \u00e1mbito provincial&#8221;, se\u00f1ala la resoluci\u00f3n del director de Transici\u00f3n Energ\u00e9tica, \u00c1ngel De Cicco.<\/p>\n\n\n\n<p>Entre los grandes generadores,&nbsp;<strong>cementeras&nbsp;<\/strong>y tambi\u00e9n&nbsp;<strong>petroleras<\/strong>&nbsp;son parte del universo a alcanzar con la medida cuya autoridad de aplicaci\u00f3n es el \u00e1rea de Transici\u00f3n Energ\u00e9tica provincial.<\/p>\n\n\n\n<p>Seg\u00fan trascendi\u00f3, el objetivo es darle trazabilidad a la emisi\u00f3n de gases. Y, en definitiva, lograr que las empresas presenten su propio plan de&nbsp;<strong>reducci\u00f3n de la contaminaci\u00f3n<\/strong>&nbsp;a partir de la presentaci\u00f3n de&nbsp;<strong>reportes anuales<\/strong>. Sin embargo, representan&nbsp;<strong>un 30% de los 18 millones de toneladas anuales de di\u00f3xido de carbono&nbsp;<\/strong>(CO2) que se generan en Mendoza.<\/p>\n\n\n\n<p>Al respecto, S\u00e1nchez Bandini puntualiz\u00f3 que &#8220;al contrario de lo que se supone, el grueso de las\u00a0<strong>emisiones que contribuyen al cambio clim\u00e1tico<\/strong>\u00a0pasan por el transporte y los residenciales. Por eso es importante monitorearlas y reducirlas&#8221;.<\/p>\n\n\n\n<h2 class=\"wp-block-heading\">La postura de Mendoza frente a la ONU y el Acuerdo de Par\u00eds<\/h2>\n\n\n\n<p>En definitiva, ya est\u00e1 en marcha la primera etapa, la de la&nbsp;<strong>medici\u00f3n&nbsp;<\/strong>del nivel de contaminaci\u00f3n.<\/p>\n\n\n\n<p>Luego, en una segunda instancia, vendr\u00e1n los&nbsp;<strong>beneficios que se puedan otorgar<\/strong>&nbsp;a los &#8220;cumplidores&#8221;, que el Gobierno a\u00fan no define y van desde incentivos fiscales hasta el acceso a los mercados financieros a trav\u00e9s de los llamados &#8220;bonos verdes&#8221;.<\/p>\n\n\n\n<p>Toda una decisi\u00f3n del Ejecutivo mendocino en tiempos en que el gobierno nacional, con el presidente Javier Milei al frente, niega, o al menos relativiza, los efectos del&nbsp;<strong>cambio clim\u00e1tico<\/strong>.<\/p>\n\n\n\n<p>De hecho, en febrero\u00a0<strong>Milei critic\u00f3 el Acuerdo de Par\u00eds impulsado por la ONU<\/strong>. Y calific\u00f3 de\u00a0<strong>&#8220;fraude ambientalista&#8221;\u00a0<\/strong>el pacto firmado por los pa\u00edses a favor de encarar acciones para detener la contaminaci\u00f3n y el calentamiento global.<\/p>\n\n\n\n<p><strong>\u00bfUna eventual salida de Argentina del Acuerdo de Par\u00eds implicar\u00eda un cambio en la pol\u00edtica ambientalista de la provincia?<\/strong>\u00a0\u00bfO a\u00fan as\u00ed Mendoza seguir\u00eda adelante? &#8220;Sin lugar a dudas, estamos convencidos de que este es el camino. M\u00e1s all\u00e1 de la decisi\u00f3n que tome el Estado nacional en ese sentido&#8221;, resalt\u00f3 S\u00e1nchez Bandini.<\/p>\n\n\n\n<p><strong>Fuente: www.diariouno.com.ar<\/strong><\/p>\n","protected":false},"excerpt":{"rendered":"<p>Desde ahora, las\u00a0industrias de Mendoza\u00a0que emitan gases\u00a0efecto invernadero\u00a0deber\u00e1n inscribirse en un Registro Provincial de Emisiones. As\u00ed lo decidi\u00f3 el Gobierno, en funci\u00f3n de pautas\u00a0de ONU\u00a0en materia de\u00a0cambio clim\u00e1tico\u00a0y\u00a0contaminaci\u00f3n. La decisi\u00f3n se da en el marco del Programa Provincial Integral de Emisi\u00f3n de Gases Efecto Invernadero, creado por el decreto 748 este a\u00f1o. Las empresas tienen&nbsp;plazo [&hellip;]<\/p>\n","protected":false},"author":2,"featured_media":13288,"comment_status":"open","ping_status":"open","sticky":false,"template":"","format":"standard","meta":[],"categories":[75],"tags":[],"_links":{"self":[{"href":"https:\/\/pasaenmendoza.com\/index.php?rest_route=\/wp\/v2\/posts\/13287"}],"collection":[{"href":"https:\/\/pasaenmendoza.com\/index.php?rest_route=\/wp\/v2\/posts"}],"about":[{"href":"https:\/\/pasaenmendoza.com\/index.php?rest_route=\/wp\/v2\/types\/post"}],"author":[{"embeddable":true,"href":"https:\/\/pasaenmendoza.com\/index.php?rest_route=\/wp\/v2\/users\/2"}],"replies":[{"embeddable":true,"href":"https:\/\/pasaenmendoza.com\/index.php?rest_route=%2Fwp%2Fv2%2Fcomments&post=13287"}],"version-history":[{"count":1,"href":"https:\/\/pasaenmendoza.com\/index.php?rest_route=\/wp\/v2\/posts\/13287\/revisions"}],"predecessor-version":[{"id":13289,"href":"https:\/\/pasaenmendoza.com\/index.php?rest_route=\/wp\/v2\/posts\/13287\/revisions\/13289"}],"wp:featuredmedia":[{"embeddable":true,"href":"https:\/\/pasaenmendoza.com\/index.php?rest_route=\/wp\/v2\/media\/13288"}],"wp:attachment":[{"href":"https:\/\/pasaenmendoza.com\/index.php?rest_route=%2Fwp%2Fv2%2Fmedia&parent=13287"}],"wp:term":[{"taxonomy":"category","embeddable":true,"href":"https:\/\/pasaenmendoza.com\/index.php?rest_route=%2Fwp%2Fv2%2Fcategories&post=13287"},{"taxonomy":"post_tag","embeddable":true,"href":"https:\/\/pasaenmendoza.com\/index.php?rest_route=%2Fwp%2Fv2%2Ftags&post=13287"}],"curies":[{"name":"wp","href":"https:\/\/api.w.org\/{rel}","templated":true}]}}