{"id":13293,"date":"2025-06-03T23:58:47","date_gmt":"2025-06-03T21:58:47","guid":{"rendered":"https:\/\/pasaenmendoza.com\/?p=13293"},"modified":"2025-06-03T23:58:48","modified_gmt":"2025-06-03T21:58:48","slug":"gobernadores-postularon-a-alfredo-cornejo-para-redefinir-el-pacto-fiscal-con-javier-milei","status":"publish","type":"post","link":"https:\/\/pasaenmendoza.com\/?p=13293","title":{"rendered":"Gobernadores postularon a Alfredo Cornejo para redefinir el pacto fiscal con Javier Milei"},"content":{"rendered":"\n<p>Tras un encuentro en Buenos Aires, el gobernador de Mendoza,\u00a0<strong>Alfredo Cornejo<\/strong>, fue elegido este martes por sus pares para representarlos en una audiencia con el presidente Javier Milei, en la que propondr\u00e1n puntos clave para redefinir el pacto fiscal con las provincias.<\/p>\n\n\n\n<p>La decisi\u00f3n se tom\u00f3 durante la reuni\u00f3n a la que asistieron todos los&nbsp;<strong>gobernadores<\/strong>&nbsp;\u2013<strong>Cornejo<\/strong>&nbsp;de manera virtual- y el jefe de Gobierno porte\u00f1o, Jorge Macri, en el Consejo Federal de Inversiones (CFI).<\/p>\n\n\n\n<p>Si bien el encuentro fue a puertas cerradas, el\u00a0<strong>gobernador de Chubut, Ignacio Torres<\/strong>, revel\u00f3 que se acord\u00f3 pedir una audiencia con el\u00a0<strong>presidente<\/strong>\u00a0para dentro de dos semanas. La intenci\u00f3n es presentar un documento conjunto con los puntos principales que creen claves para definir el\u00a0<strong>sistema fiscal<\/strong>.<\/p>\n\n\n\n<p>La prisa est\u00e1 dada por la situaci\u00f3n que atraviesan las administraciones provinciales producto de la marcada ca\u00edda en la recaudaci\u00f3n provincial y en las transferencias de fondos de&nbsp;<strong>coparticipaci\u00f3n<\/strong>.<\/p>\n\n\n\n<h2 class=\"wp-block-heading\"><strong>Encuentro de gobernadores<\/strong><\/h2>\n\n\n\n<p>Adem\u00e1s del an\u00e1lisis fiscal general de las provincias, tambi\u00e9n tuvo su espacio el cr\u00edtico&nbsp;<strong>estado de las rutas nacionales<\/strong>, un factor que, seg\u00fan los&nbsp;<strong>gobernadores<\/strong>, est\u00e1 afectando directamente al turismo y a la producci\u00f3n de sus distritos.<\/p>\n\n\n\n<p>El encuentro se concret\u00f3 bajo el nombre &#8220;Nuevas fuentes de financiamiento para el desarrollo de una&nbsp;<strong>infraestructura<\/strong>&nbsp;federal&#8221;, en la nueva sede del CFI, en Buenos Aires.<\/p>\n\n\n\n<p>El gobernador chubutense confirm\u00f3 que la idea es reflotar el viejo Pacto de Mayo celebrado el 9 de julio del a\u00f1o pasado, con la intenci\u00f3n de terminar con un desajuste fiscal que viene de varias d\u00e9cadas.<\/p>\n\n\n\n<p>Y agreg\u00f3 que el representante de la propuesta ser\u00e1\u00a0<strong>Alfredo Cornejo<\/strong>, que fue el mismo elegido en el Pacto de Mayo.<\/p>\n\n\n\n<h2 class=\"wp-block-heading\">Pedido de audiencia<\/h2>\n\n\n\n<p>&#8220;El gobierno nacional plantea una reforma fiscal. La contraparte somos los estados soberanos, las provincias, que somos vinculantes en muchas de esas reformas&#8221;, indic\u00f3 Torres a la prensa.<\/p>\n\n\n\n<p>En ese sentido, expres\u00f3 que lo que buscar\u00e1n, con&nbsp;<strong>Cornejo<\/strong>&nbsp;a la cabeza, ser\u00e1 reflotar &#8220;el esp\u00edritu de cuerpo que tom\u00f3 en su momento el Pacto de Mayo y dar esa discusi\u00f3n en conjunto con el gobierno nacional&#8221;.<\/p>\n\n\n\n<p>&#8220;Vamos a solicitar una audiencia para que veamos punto por punto hacia d\u00f3nde queremos ir&#8221;, afirm\u00f3 el gobernador patag\u00f3nico.<\/p>\n\n\n\n<p>De la reuni\u00f3n de&nbsp;<strong>gobernadores<\/strong>&nbsp;participaron Alberto Weretilneck (R\u00edo Negro), Maximiliano Pullaro (Santa Fe), Carlos Sadir (Jujuy), Gildo Insfr\u00e1n (Formosa), Claudio Poggi (San Luis), Gerardo Zamora (Santiago del Estero), Marcelo Orrego (San Juan), Gustavo Melella (Tierra del Fuego) y Gustavo S\u00e1enz (Salta).<\/p>\n\n\n\n<p>Tambi\u00e9n se sumaron Jorge Macri (CABA), Leandro Zdero (Chaco), Nacho Torres (Chubut), Rogelio Frigerio (Entre R\u00edos), Sergio Ziliotto (La Pampa), Mart\u00edn Llaryora (C\u00f3rdoba), Axel Kicillof (Buenos Aires), Ricardo Quintela (La Rioja), Claudio Vidal (Santa Cruz) y Rolando Figueroa (Neuqu\u00e9n).<\/p>\n\n\n\n<p>De manera virtual lo hicieron los gobernadores Ra\u00fal Jalil (Catamarca),\u00a0<strong>Alfredo Cornejo<\/strong>\u00a0(Mendoza), Hugo Passalacqua (Misiones) y Osvaldo Jaldo (Tucum\u00e1n).<\/p>\n\n\n\n<p><strong>Fuente: www.diariouno.com.ar<\/strong><\/p>\n","protected":false},"excerpt":{"rendered":"<p>Tras un encuentro en Buenos Aires, el gobernador de Mendoza,\u00a0Alfredo Cornejo, fue elegido este martes por sus pares para representarlos en una audiencia con el presidente Javier Milei, en la que propondr\u00e1n puntos clave para redefinir el pacto fiscal con las provincias. La decisi\u00f3n se tom\u00f3 durante la reuni\u00f3n a la que asistieron todos los&nbsp;gobernadores&nbsp;\u2013Cornejo&nbsp;de [&hellip;]<\/p>\n","protected":false},"author":2,"featured_media":13294,"comment_status":"open","ping_status":"open","sticky":false,"template":"","format":"standard","meta":[],"categories":[47],"tags":[],"_links":{"self":[{"href":"https:\/\/pasaenmendoza.com\/index.php?rest_route=\/wp\/v2\/posts\/13293"}],"collection":[{"href":"https:\/\/pasaenmendoza.com\/index.php?rest_route=\/wp\/v2\/posts"}],"about":[{"href":"https:\/\/pasaenmendoza.com\/index.php?rest_route=\/wp\/v2\/types\/post"}],"author":[{"embeddable":true,"href":"https:\/\/pasaenmendoza.com\/index.php?rest_route=\/wp\/v2\/users\/2"}],"replies":[{"embeddable":true,"href":"https:\/\/pasaenmendoza.com\/index.php?rest_route=%2Fwp%2Fv2%2Fcomments&post=13293"}],"version-history":[{"count":1,"href":"https:\/\/pasaenmendoza.com\/index.php?rest_route=\/wp\/v2\/posts\/13293\/revisions"}],"predecessor-version":[{"id":13295,"href":"https:\/\/pasaenmendoza.com\/index.php?rest_route=\/wp\/v2\/posts\/13293\/revisions\/13295"}],"wp:featuredmedia":[{"embeddable":true,"href":"https:\/\/pasaenmendoza.com\/index.php?rest_route=\/wp\/v2\/media\/13294"}],"wp:attachment":[{"href":"https:\/\/pasaenmendoza.com\/index.php?rest_route=%2Fwp%2Fv2%2Fmedia&parent=13293"}],"wp:term":[{"taxonomy":"category","embeddable":true,"href":"https:\/\/pasaenmendoza.com\/index.php?rest_route=%2Fwp%2Fv2%2Fcategories&post=13293"},{"taxonomy":"post_tag","embeddable":true,"href":"https:\/\/pasaenmendoza.com\/index.php?rest_route=%2Fwp%2Fv2%2Ftags&post=13293"}],"curies":[{"name":"wp","href":"https:\/\/api.w.org\/{rel}","templated":true}]}}