{"id":13302,"date":"2025-06-04T17:32:54","date_gmt":"2025-06-04T15:32:54","guid":{"rendered":"https:\/\/pasaenmendoza.com\/?p=13302"},"modified":"2025-06-04T17:32:55","modified_gmt":"2025-06-04T15:32:55","slug":"donaran-terrenos-para-abrir-una-calle-en-el-challao","status":"publish","type":"post","link":"https:\/\/pasaenmendoza.com\/?p=13302","title":{"rendered":"Donar\u00e1n terrenos para abrir una calle en El Challao"},"content":{"rendered":"\n<p>Durante la sesi\u00f3n llevada a cabo por el\u00a0<strong>Senado de Mendoza<\/strong>, fue aprobado por mayor\u00eda de votos un proyecto enviado por el Poder Ejecutivo que autoriza\u00a0<strong>la donaci\u00f3n de terrenos a los municipios de Las Heras y de la Ciudad de Mendoza<\/strong>, con el fin de concretar la apertura de una calle p\u00fablica clave para la zona. La votaci\u00f3n result\u00f3<strong>\u00a020 votos afirmativos<\/strong>, 11 negativos y 6 abstenciones, por lo que fue remitido al Poder Ejecutivo para su posterior promulgaci\u00f3n.<\/p>\n\n\n\n<p>La iniciativa busca\u00a0<strong>facilitar el acceso de servicios esenciales en un sector con graves dificultades de ingreso<\/strong>, y resolver as\u00ed un conflicto de larga data que afecta la conectividad entre los barrios\u00a0<strong>La Angostura y Alto Challao<\/strong>.<\/p>\n\n\n\n<p>El senador\u00a0<strong>Walther Marcolini<\/strong>, presidente de la comisi\u00f3n de Legislaci\u00f3n y Asuntos Constitucionales, explic\u00f3 que se trata de una media sanci\u00f3n proveniente de Diputados que establece la donaci\u00f3n de un inmueble de\u00a0<strong>2 hect\u00e1reas<\/strong>, 7.413,81 metros cuadrados, ubicado sobre\u00a0<strong>Ruta Provincial 99<\/strong>, en el l\u00edmite entre los departamentos de Capital y Las Heras.<\/p>\n\n\n\n<p>El terreno ser\u00e1 cedido en<strong>\u00a0dos pol\u00edgonos<\/strong>: uno de 1 hect\u00e1rea y 9.010,08 m\u00b2 para la Municipalidad de Capital, y otro de 8.403,73 m\u00b2 para la Municipalidad de Las Heras. La apertura de la calle Santa Bernadette permitir\u00e1 mejorar el tr\u00e1nsito y los servicios entre los dos barrios mencionados.<\/p>\n\n\n\n<p>Ambos municipios deber\u00e1n asumir, de forma proporcional, los gastos derivados de la ejecuci\u00f3n de la ley, incluyendo mensuras actualizadas. La\u00a0<strong>Escriban\u00eda General de Gobierno\u00a0<\/strong>ser\u00e1 la encargada de realizar la escritura traslativa de dominio correspondiente.<\/p>\n\n\n\n<p>El senador&nbsp;<strong>Dugar Chappel<\/strong>&nbsp;(Partido Verde) inform\u00f3 que su bloque no acompa\u00f1ar\u00eda la propuesta. Por su parte, el presidente del bloque Uni\u00f3n Mendocina,&nbsp;<strong>Germ\u00e1n Vicchi<\/strong>, anunci\u00f3 la abstenci\u00f3n de su espacio. Tambi\u00e9n la jefa del bloque justicialista,&nbsp;<strong>Adriana Cano<\/strong>, adelant\u00f3 que el PJ votar\u00eda en contra del proyecto impulsado por el Ejecutivo.<\/p>\n\n\n\n<p>Desde el oficialismo, la senadora radical\u00a0<strong>Natacha Eisenchlas<\/strong>\u00a0defendi\u00f3 la iniciativa y destac\u00f3 que la situaci\u00f3n actual<strong>\u00a0perjudica a casi 700 familias<\/strong>, quienes padecen limitaciones para acceder a servicios b\u00e1sicos. Adem\u00e1s, aludi\u00f3 a medidas judiciales vinculadas al inmueble y aclar\u00f3 que\u00a0<strong>no existe impedimento legal<\/strong>\u00a0para avanzar con la donaci\u00f3n, seg\u00fan consta en una resoluci\u00f3n de la justicia que desestima la existencia de un obst\u00e1culo jur\u00eddico para transferir el bien.<\/p>\n\n\n\n<p><em>&#8220;Estamos autorizando al Gobierno provincial a donar el terreno, que forma parte del dominio privado del Estado, para que los municipios puedan avanzar con la apertura de la calle. No se est\u00e1 violando ninguna ley ni competencia judicial&#8221;<\/em>, asegur\u00f3.<\/p>\n\n\n\n<p>Estos dos pol\u00edgonos, inscriptos a nombre de la Provincia de Mendoza, est\u00e1n ubicados sobre Ruta Provincial 99, sin n\u00famero, en el l\u00edmite entre los departamentos de Capital y Las Heras, correspondiente a los distritos Ciudad, Los Cerros y El Challao. La propuesta busca habilitar una v\u00eda de comunicaci\u00f3n segura y funcional entre estos dos barrios.<\/p>\n\n\n\n<p>En los fundamentos del proyecto se destaca que la traza vial proyectada tiene un car\u00e1cter &#8220;vital y estrat\u00e9gico para el adecuado ordenamiento y desarrollo del territorio conforme a las planificaciones municipales&#8221;. Adem\u00e1s, la obra apunta a mejorar la infraestructura, la dotaci\u00f3n de servicios y el desarrollo econ\u00f3mico sostenible, al tiempo que se fortalece el cuidado ambiental del entorno habitado.<\/p>\n\n\n\n<p><strong>Fuente: www.mendozapost.com<\/strong><\/p>\n","protected":false},"excerpt":{"rendered":"<p>Durante la sesi\u00f3n llevada a cabo por el\u00a0Senado de Mendoza, fue aprobado por mayor\u00eda de votos un proyecto enviado por el Poder Ejecutivo que autoriza\u00a0la donaci\u00f3n de terrenos a los municipios de Las Heras y de la Ciudad de Mendoza, con el fin de concretar la apertura de una calle p\u00fablica clave para la zona. [&hellip;]<\/p>\n","protected":false},"author":2,"featured_media":13303,"comment_status":"open","ping_status":"open","sticky":false,"template":"","format":"standard","meta":[],"categories":[50],"tags":[],"_links":{"self":[{"href":"https:\/\/pasaenmendoza.com\/index.php?rest_route=\/wp\/v2\/posts\/13302"}],"collection":[{"href":"https:\/\/pasaenmendoza.com\/index.php?rest_route=\/wp\/v2\/posts"}],"about":[{"href":"https:\/\/pasaenmendoza.com\/index.php?rest_route=\/wp\/v2\/types\/post"}],"author":[{"embeddable":true,"href":"https:\/\/pasaenmendoza.com\/index.php?rest_route=\/wp\/v2\/users\/2"}],"replies":[{"embeddable":true,"href":"https:\/\/pasaenmendoza.com\/index.php?rest_route=%2Fwp%2Fv2%2Fcomments&post=13302"}],"version-history":[{"count":1,"href":"https:\/\/pasaenmendoza.com\/index.php?rest_route=\/wp\/v2\/posts\/13302\/revisions"}],"predecessor-version":[{"id":13304,"href":"https:\/\/pasaenmendoza.com\/index.php?rest_route=\/wp\/v2\/posts\/13302\/revisions\/13304"}],"wp:featuredmedia":[{"embeddable":true,"href":"https:\/\/pasaenmendoza.com\/index.php?rest_route=\/wp\/v2\/media\/13303"}],"wp:attachment":[{"href":"https:\/\/pasaenmendoza.com\/index.php?rest_route=%2Fwp%2Fv2%2Fmedia&parent=13302"}],"wp:term":[{"taxonomy":"category","embeddable":true,"href":"https:\/\/pasaenmendoza.com\/index.php?rest_route=%2Fwp%2Fv2%2Fcategories&post=13302"},{"taxonomy":"post_tag","embeddable":true,"href":"https:\/\/pasaenmendoza.com\/index.php?rest_route=%2Fwp%2Fv2%2Ftags&post=13302"}],"curies":[{"name":"wp","href":"https:\/\/api.w.org\/{rel}","templated":true}]}}