{"id":1331,"date":"2023-09-11T13:18:24","date_gmt":"2023-09-11T11:18:24","guid":{"rendered":"https:\/\/pasaenmendoza.com\/?p=1331"},"modified":"2023-09-11T13:18:25","modified_gmt":"2023-09-11T11:18:25","slug":"la-decadencia-de-mendoza-reflejada-en-una-lamentable-campana-electoral","status":"publish","type":"post","link":"https:\/\/pasaenmendoza.com\/?p=1331","title":{"rendered":"La decadencia de Mendoza, reflejada en una lamentable campa\u00f1a electoral"},"content":{"rendered":"\n<p id=\"m39-38-40\">Hace tiempo que dejamos de ser distintos. Las mismas pr\u00e1cticas que en el pasado se endilgaron a gobiernos &#8220;populistas&#8221; ya se realizan en Mendoza. Carpetazos, aprietes, campa\u00f1a sucia y sorteos de casas. Somos testigos silenciosos de la lenta metamorfosis de Mendoza a Formosa.<\/p>\n\n\n\n<p>&#8220;Los mendocinos no comen vidrio&#8221;, dijo esta semana<a rel=\"noreferrer noopener\" href=\"https:\/\/www.mdzol.com\/temas\/rodolfo-suarez-100.html\" target=\"_blank\">\u00a0<\/a><strong>Rodolfo Suarez\u00a0<\/strong>en referencia a la campa\u00f1a sucia y los anuncios demag\u00f3gicos de los candidatos de la oposici\u00f3n de eliminar el \u00edtem aula o la RTO. Inmediatamente despu\u00e9s dio a conocer que el Gobierno de Mendoza sortear\u00e1 2.150 viviendas, tres d\u00edas antes de la elecci\u00f3n de gobernador. Con una urgencia inusitada, luego de 3 a\u00f1os y 8 meses de gobierno,\u00a0<strong>Suarez\u00a0<\/strong>invit\u00f3 a los mendocinos a anotarse entre el 11 y el 19 de septiembre para &#8220;ganar&#8221; una casa que sortear\u00e1n el d\u00eda 21 de ese mismo mes.<\/p>\n\n\n\n<p>El 24 de septiembre los mendocinos eligen gobernador y todo anticipa una definici\u00f3n polarizada entre el exgobernador\u00a0<strong>Alfredo Cornejo\u00a0<\/strong>y el diputado nacional\u00a0<strong>Omar De Marchi<\/strong>. A pesar de que Cornejo aparece primero en los sondeos, el final est\u00e1 abierto y esto ha desatado una disputa visceral en la que, parece, todo vale.<\/p>\n\n\n\n<p>El anuncio a las apuradas del sorteo de 2.150 viviendas es solo un indicador de que aquellas pr\u00e1cticas, que tanto se criticaban a gobernadores &#8220;populistas&#8221;, ya se han naturalizado tambi\u00e9n en Mendoza. Nadie se escandaliz\u00f3 con la &#8220;jugada&#8221; del oficialismo. Probablemente si el anuncio lo hubiese hecho Jorge Capitanich, en Chaco, o Gildo Insfr\u00e1n, en Formosa, las redes sociales se hubiesen inundado de referentes horrorizados con tal atropello a la institucionalidad y las buenas costumbres. Una suerte de indignaci\u00f3n selectiva que hemos sabido desarrollar los argentinos en la \u00faltima d\u00e9cada.<\/p>\n\n\n\n<p>Pero m\u00e1s grave a\u00fan es la lluvia de carpetazos, denuncias, escraches\u00a0y aprietes que se han observado en esta campa\u00f1a electoral. Sumado a maniobras digitales, como libros truchos que buscaban &#8220;efecto panfleto&#8221;, o carteles de v\u00eda p\u00fablica mencionando a candidatos rivales.\u00a0La pol\u00edtica mendocina se sumergi\u00f3 en el barro sin entender que todos saldr\u00e1n manchados. Una encuesta reciente de Consultores Asociados confirma que &#8220;los mendocinos se encuentran inmersos en la desesperanza y el descr\u00e9dito hacia la actividad pol\u00edtica&#8221;. Los consultados mencionan estar \u201ccansados de las campa\u00f1as electorales, candidatos que s\u00f3lo prometen y no cumplen&#8221;. Ni siquiera hace falta ver encuestas para notarlo. El resultado de las PASO en nacionales con un 45% de votos para Javier Milei es indicador suficiente para evidenciar hasta\u00a0qu\u00e9 punto ha llegado el nivel de hartazgo.<\/p>\n\n\n\n<p>Y lo que se ha visto durante la campa\u00f1a es a\u00fan peor. M\u00e1s que propuestas, los frentes electorales se han centrado en marcar los defectos del rival. Desde carteler\u00eda de La Uni\u00f3n Mendocina cuestionando la perpetuidad en el poder de\u00a0<strong>Alfredo Cornejo\u00a0<\/strong>a millones invertidos en campa\u00f1as publicitarias de un libro falso contra Janina Ortiz y Daniel Orozco escrito por una supuesta periodista que en realidad no existe. Lo triste es que ya nada nos sorprende.<\/p>\n\n\n\n<p>La Uni\u00f3n Mendocina pone el foco en la falta de independencia del Poder Judicial con aprietes a fiscales, operaciones de funcionarios provinciales y cooptaci\u00f3n de la Suprema Corte por parte del cornejismo. Desde Cambia Mendoza invierten tiempo y energ\u00eda en exponer las irregularidades que se investigan en la Municipalidad de Las Heras que conduce el candidato a vicegobernador de&nbsp;<strong>De Marchi<\/strong>, Daniel Orozco. Malversaci\u00f3n de fondos a trav\u00e9s de cooperativas, coacci\u00f3n contra empleados y abusos sexuales por parte de funcionarios son solo algunos de los hechos que se mencionan.<\/p>\n\n\n\n<p>En el peronismo temen que la polarizaci\u00f3n termine de hundir al Frente Eleg\u00ed y redoblan sus esfuerzos para que el ciudadano recuerde que&nbsp;<strong>Omar De Marchi&nbsp;<\/strong>y&nbsp;<strong>Alfredo Cornejo<\/strong>&nbsp;son fundadores del mismo espacio y fueron socios hasta hace pocos meses. Parisi recorre toda la provincia con sus propuestas de vivienda, desarrollo productivo y la bandera de eliminar el \u00edtem aula, pero su desaf\u00edo real es alejar al fantasma del \u00e9xodo de dirigentes hacia la filas del demarchismo.<\/p>\n\n\n\n<p>Uno que ya se anim\u00f3 a dar ese paso es el hist\u00f3rico intendente de Lavalle, Roberto Righi, y despu\u00e9s de las\u00a0<strong>elecciones\u00a0<\/strong>desdobladas el municipio apareci\u00f3 repleto de pintadas con la frase &#8220;Righi traidor&#8221;. Al respecto, el exintendente de San Mart\u00edn y candidato de La Uni\u00f3n Mendocina,\u00a0Jorge Omar Gim\u00e9nez, afirm\u00f3 en MDZ Radio\u00a0que ese tipo de reacciones son las que vienen expulsando a dirigentes justicialistas. Sobre todo porque el partido no ha sido capaz de encarar un proceso de reconstrucci\u00f3n interna pese a que lleva 10 a\u00f1os consecutivos perdiendo elecciones en Mendoza.<\/p>\n\n\n\n<p>En ese sentido, el kirchnerismo teme que haya peronistas que intenten &#8220;matar dos p\u00e1jaros de un tiro&#8221; el domingo 24 de septiembre. Por un lado votando a De Marchi para terminar con la hegemon\u00eda de Alfredo Cornejo, pero por el otro sentenciando a La C\u00e1mpora por ser los responsables exclusivos del peor resultado de la historia del PJ.<\/p>\n\n\n\n<p>Un juego de intrigas y traiciones que desvela a los dirigentes pol\u00edticos pero asquea al ciudadano. &#8220;Hace no tanto tiempo que el Pilo Bord\u00f3n se sentaba con el Viti Fayad en un caf\u00e9 sin que nadie sospechara de conspiraciones. Se ha perdido eso en Mendoza&#8221;, remarc\u00f3 en\u00a0<em>MDZ Radio<\/em>\u00a0<strong>Omar De Marchi<\/strong>. La pregunta es si, despu\u00e9s del 24 de septiembre, podr\u00eda sentarse a tomar un caf\u00e9 con Alfredo Cornejo para dejar de jugar al gato y el rat\u00f3n y poner por delante la soluci\u00f3n de los problemas que aquejan a la provincia. Gane quien gane, ojal\u00e1 eso sea posible. Los mendocinos lo necesitan.<\/p>\n\n\n\n<p>FUENTE: Mdzonline.<\/p>\n","protected":false},"excerpt":{"rendered":"<p>Hace tiempo que dejamos de ser distintos. Las mismas pr\u00e1cticas que en el pasado se endilgaron a gobiernos &#8220;populistas&#8221; ya se realizan en Mendoza. Carpetazos, aprietes, campa\u00f1a sucia y sorteos de casas. Somos testigos silenciosos de la lenta metamorfosis de Mendoza a Formosa. &#8220;Los mendocinos no comen vidrio&#8221;, dijo esta semana\u00a0Rodolfo Suarez\u00a0en referencia a la [&hellip;]<\/p>\n","protected":false},"author":2,"featured_media":1152,"comment_status":"open","ping_status":"open","sticky":true,"template":"","format":"standard","meta":[],"categories":[47],"tags":[],"_links":{"self":[{"href":"https:\/\/pasaenmendoza.com\/index.php?rest_route=\/wp\/v2\/posts\/1331"}],"collection":[{"href":"https:\/\/pasaenmendoza.com\/index.php?rest_route=\/wp\/v2\/posts"}],"about":[{"href":"https:\/\/pasaenmendoza.com\/index.php?rest_route=\/wp\/v2\/types\/post"}],"author":[{"embeddable":true,"href":"https:\/\/pasaenmendoza.com\/index.php?rest_route=\/wp\/v2\/users\/2"}],"replies":[{"embeddable":true,"href":"https:\/\/pasaenmendoza.com\/index.php?rest_route=%2Fwp%2Fv2%2Fcomments&post=1331"}],"version-history":[{"count":1,"href":"https:\/\/pasaenmendoza.com\/index.php?rest_route=\/wp\/v2\/posts\/1331\/revisions"}],"predecessor-version":[{"id":1332,"href":"https:\/\/pasaenmendoza.com\/index.php?rest_route=\/wp\/v2\/posts\/1331\/revisions\/1332"}],"wp:featuredmedia":[{"embeddable":true,"href":"https:\/\/pasaenmendoza.com\/index.php?rest_route=\/wp\/v2\/media\/1152"}],"wp:attachment":[{"href":"https:\/\/pasaenmendoza.com\/index.php?rest_route=%2Fwp%2Fv2%2Fmedia&parent=1331"}],"wp:term":[{"taxonomy":"category","embeddable":true,"href":"https:\/\/pasaenmendoza.com\/index.php?rest_route=%2Fwp%2Fv2%2Fcategories&post=1331"},{"taxonomy":"post_tag","embeddable":true,"href":"https:\/\/pasaenmendoza.com\/index.php?rest_route=%2Fwp%2Fv2%2Ftags&post=1331"}],"curies":[{"name":"wp","href":"https:\/\/api.w.org\/{rel}","templated":true}]}}