{"id":13312,"date":"2025-06-05T00:31:39","date_gmt":"2025-06-04T22:31:39","guid":{"rendered":"https:\/\/pasaenmendoza.com\/?p=13312"},"modified":"2025-06-05T00:31:40","modified_gmt":"2025-06-04T22:31:40","slug":"el-director-de-hidrocarburos-resalto-una-nueva-exploracion-de-ypf-en-la-vaca-muerta-mendocina","status":"publish","type":"post","link":"https:\/\/pasaenmendoza.com\/?p=13312","title":{"rendered":"El director de Hidrocarburos resalt\u00f3 una nueva exploraci\u00f3n de YPF en la Vaca Muerta mendocina"},"content":{"rendered":"\n<p>El\u00a0<strong>director de Hidrocarburos, Lucas Erio<\/strong>, expuso este mi\u00e9rcoles el modelo energ\u00e9tico de Mendoza en el Encuentro de Energ\u00eda y Producci\u00f3n en Bariloche, al que asistieron los principales actores y expertos de la industria. All\u00ed resalt\u00f3 que\u00a0<strong>YPF<\/strong>\u00a0avanzar\u00e1 en la ejecuci\u00f3n de una nueva perforaci\u00f3n en la\u00a0<strong>Vaca Muerta mendocina\u00a0<\/strong>con dos ramas horizontales de 2.500 metros.<\/p>\n\n\n\n<p>El funcionario destac\u00f3 el compromiso del Gobierno provincial con reglas claras, capacidad t\u00e9cnica estatal e incentivos para atraer inversiones sostenibles.<\/p>\n\n\n\n<p>Durante el c\u00f3nclave de Energ\u00eda y Producci\u00f3n organizado por \u00c1mbito Financiero, Pol-P, Energy Report y Brasil 247, el funcionario mendocino expuso las\u00a0<strong>potencialidades de la provincia<\/strong>\u00a0en el panel \u201cR\u00edo Negro-Buenos Aires-Mendoza, potencias productivas y energ\u00e9ticas\u201d, junto a Mario Figueroa (R\u00edo Negro) y Gast\u00f3n Ghioni (Buenos Aires).<\/p>\n\n\n\n<h2 class=\"wp-block-heading\">M\u00e1s de 120 participantes<\/h2>\n\n\n\n<p>El evento reuni\u00f3 a m\u00e1s de 120 asistentes presenciales, autoridades provinciales, empresas l\u00edderes del sector energ\u00e9tico y referentes acad\u00e9micos y fue transmitido en vivo por el canal streaming de \u00c1mbito Financiero.<\/p>\n\n\n\n<p>Erio expuso la visi\u00f3n estrat\u00e9gica con la que Mendoza busca posicionarse como l\u00edder en el desarrollo energ\u00e9tico nacional, basada en sostenibilidad, seguridad jur\u00eddica, eficiencia t\u00e9cnica y acompa\u00f1amiento p\u00fablico-privado.<\/p>\n\n\n\n<p>El funcionario del Ministerio de Energ\u00eda y Ambiente destac\u00f3 que Mendoza trabaja para ofrecer reglas claras y previsibilidad jur\u00eddica, entendiendo que el inversor ya asume suficientes riesgos macroecon\u00f3micos, geol\u00f3gicos y operativos.<\/p>\n\n\n\n<p>Subray\u00f3 tambi\u00e9n el compromiso del Gobierno provincial con consolidar una autoridad t\u00e9cnica s\u00f3lida, que no solo controle, sino que tambi\u00e9n promueva activamente los recursos, con un conocimiento profundo de las riquezas de su subsuelo.<\/p>\n\n\n\n<p>Erio adem\u00e1s repas\u00f3 las pol\u00edticas activas que se est\u00e1n implementando en la provincia, como reducciones de regal\u00edas para fomentar inversiones, el modelo de licitaci\u00f3n continua \u2013que permite acelerar plazos y fomentar la iniciativa privada\u2013, y la plataforma digital \u201cInvertir en Mendoza\u201d, que centraliza los proyectos activos y oportunidades en hidrocarburos, miner\u00eda, energ\u00eda el\u00e9ctrica y renovables.<\/p>\n\n\n\n<h2 class=\"wp-block-heading\"><strong>Reactivaci\u00f3n de campos maduros en Mendoza<\/strong><\/h2>\n\n\n\n<p>En el&nbsp;<strong>\u00e1rea de hidrocarburos<\/strong>, Erio comparti\u00f3 los avances en la&nbsp;<strong>reactivaci\u00f3n de campos maduros&nbsp;<\/strong>y el impulso a nuevas \u00e1reas exploratorias, tanto convencionales como no convencionales. Explic\u00f3 que Mendoza est\u00e1 trabajando en un programa de reactivaci\u00f3n de&nbsp;<strong>pozos inactivos,<\/strong>&nbsp;que incluye beneficios fiscales en regal\u00edas para operadores que presenten planes t\u00e9cnicos viables.<\/p>\n\n\n\n<p>\u201cMuchos proyectos que hoy est\u00e1n en rojo, con una intervenci\u00f3n t\u00e9cnica adecuada y un incentivo fiscal apropiado, pueden pasar a estar en verde. Apostamos al desarrollo, no a maximizar la renta en el corto plazo\u201d, afirm\u00f3.<\/p>\n\n\n\n<p>Tambi\u00e9n resalt\u00f3 los primeros&nbsp;<strong>resultados positivos en Vaca Muerta Mendoza<\/strong>, donde YPF perfor\u00f3 pozos exploratorios en Malarg\u00fce con ramas horizontales de hasta 1.300 metros y m\u00faltiples etapas de fractura, logrando buenos valores de productividad. Detall\u00f3 que YPF avanzar\u00e1 en la ejecuci\u00f3n de nuevas perforaciones en Vaca Muerta con ramas horizontales de 2.500 metros.<\/p>\n\n\n\n<p>Por otro lado, mencion\u00f3 el proyecto piloto que la UTE Quintana-TSB tiene en el no convencional de Mendoza que incluye nuevas perforaciones.<\/p>\n\n\n\n<p>\u201cLa estrategia mendocina combina la recuperaci\u00f3n de campos maduros con el desarrollo de oportunidades exploratorias, tanto en el convencional como en el no convencional. La experiencia del Plan Andes, la incorporaci\u00f3n de nuevos operadores, y los primeros resultados en Vaca Muerta Mendoza demuestran que a\u00fan hay mucho por hacer y mucho potencial por desarrollar\u201d, expres\u00f3 el funcionario.<\/p>\n\n\n\n<h2 class=\"wp-block-heading\">Crecimiento de la demanda energ\u00e9tica<\/h2>\n\n\n\n<p>Frente al crecimiento de la demanda energ\u00e9tica, Erio alert\u00f3 sobre la necesidad de<strong>&nbsp;invertir en infraestructura el\u00e9ctrica<\/strong>, destacando proyectos como el cierre de nodos el\u00e9ctricos en Malarg\u00fce, con una inversi\u00f3n inicial de m\u00e1s de 120 millones de d\u00f3lares, financiados con fondos provinciales en esquemas mixtos.<\/p>\n\n\n\n<p>A su vez, mencion\u00f3 la proyecci\u00f3n del&nbsp;<strong>polo log\u00edstico en Pata Mora<\/strong>&nbsp;en el Sur provincial, clave para acompa\u00f1ar el desarrollo de la miner\u00eda y la actividad no convencional.<\/p>\n\n\n\n<p>En materia de&nbsp;<strong>energ\u00edas limpias<\/strong>, subray\u00f3 proyectos de generaci\u00f3n renovable como<strong>&nbsp;El Quemado<\/strong>, llevado adelante por&nbsp;<strong>YPF&nbsp;<\/strong>y la Empresa Mendocina de Energ\u00eda (<strong>Emesa)<\/strong>, con m\u00e1s de 300 MW en marcha, y proyectos en desarrollo de&nbsp;<strong>Genneia<\/strong>. Tienen como objetivo alcanzar los 700 MW de capacidad instalada en renovables en los pr\u00f3ximos a\u00f1os, con incentivos provinciales como ingresos brutos cero para los proyectos de generaci\u00f3n.<\/p>\n\n\n\n<p>Finalmente, record\u00f3 que Mendoza ya cuenta con&nbsp;<strong>34 proyectos mineros exploratorios con Declaraci\u00f3n de Impacto Ambiental&nbsp;<\/strong>aprobada por la Legislatura, tras la reciente reforma del C\u00f3digo Minero, lo que habilita una nueva etapa de desarrollo productivo con respaldo legal y t\u00e9cnico.<\/p>\n\n\n\n<p>\u201cDesde Mendoza estamos demostrando que es posible construir una pol\u00edtica energ\u00e9tica activa, previsible y moderna, con reglas claras y acompa\u00f1amiento t\u00e9cnico, que genera resultados. El trabajo p\u00fablico-privado y el compromiso de las operadoras est\u00e1n permitiendo que nuestros recursos sigan generando producci\u00f3n, empleo y desarrollo local\u201d, concluy\u00f3 Erio.<\/p>\n\n\n\n<p>El encuentro tambi\u00e9n cont\u00f3 con la participaci\u00f3n de directivos de empresas como\u00a0<strong>YPF<\/strong>, Shell, Pan American Energy, Pluspetrol, Vista, Genneia, INVAP y Schneider Electric, y paneles sobre hidrocarburos, renovables, energ\u00eda nuclear, digitalizaci\u00f3n, sostenibilidad e integraci\u00f3n energ\u00e9tica con Brasil. Se consolid\u00f3 como un espacio estrat\u00e9gico federal para el dise\u00f1o de una agenda energ\u00e9tica sostenible en Argentina.<\/p>\n\n\n\n<p><strong>Fuente: www.diariouno.com.ar<\/strong><\/p>\n","protected":false},"excerpt":{"rendered":"<p>El\u00a0director de Hidrocarburos, Lucas Erio, expuso este mi\u00e9rcoles el modelo energ\u00e9tico de Mendoza en el Encuentro de Energ\u00eda y Producci\u00f3n en Bariloche, al que asistieron los principales actores y expertos de la industria. All\u00ed resalt\u00f3 que\u00a0YPF\u00a0avanzar\u00e1 en la ejecuci\u00f3n de una nueva perforaci\u00f3n en la\u00a0Vaca Muerta mendocina\u00a0con dos ramas horizontales de 2.500 metros. El funcionario [&hellip;]<\/p>\n","protected":false},"author":2,"featured_media":13313,"comment_status":"open","ping_status":"open","sticky":false,"template":"","format":"standard","meta":[],"categories":[116],"tags":[],"_links":{"self":[{"href":"https:\/\/pasaenmendoza.com\/index.php?rest_route=\/wp\/v2\/posts\/13312"}],"collection":[{"href":"https:\/\/pasaenmendoza.com\/index.php?rest_route=\/wp\/v2\/posts"}],"about":[{"href":"https:\/\/pasaenmendoza.com\/index.php?rest_route=\/wp\/v2\/types\/post"}],"author":[{"embeddable":true,"href":"https:\/\/pasaenmendoza.com\/index.php?rest_route=\/wp\/v2\/users\/2"}],"replies":[{"embeddable":true,"href":"https:\/\/pasaenmendoza.com\/index.php?rest_route=%2Fwp%2Fv2%2Fcomments&post=13312"}],"version-history":[{"count":1,"href":"https:\/\/pasaenmendoza.com\/index.php?rest_route=\/wp\/v2\/posts\/13312\/revisions"}],"predecessor-version":[{"id":13314,"href":"https:\/\/pasaenmendoza.com\/index.php?rest_route=\/wp\/v2\/posts\/13312\/revisions\/13314"}],"wp:featuredmedia":[{"embeddable":true,"href":"https:\/\/pasaenmendoza.com\/index.php?rest_route=\/wp\/v2\/media\/13313"}],"wp:attachment":[{"href":"https:\/\/pasaenmendoza.com\/index.php?rest_route=%2Fwp%2Fv2%2Fmedia&parent=13312"}],"wp:term":[{"taxonomy":"category","embeddable":true,"href":"https:\/\/pasaenmendoza.com\/index.php?rest_route=%2Fwp%2Fv2%2Fcategories&post=13312"},{"taxonomy":"post_tag","embeddable":true,"href":"https:\/\/pasaenmendoza.com\/index.php?rest_route=%2Fwp%2Fv2%2Ftags&post=13312"}],"curies":[{"name":"wp","href":"https:\/\/api.w.org\/{rel}","templated":true}]}}