{"id":13315,"date":"2025-06-05T00:34:35","date_gmt":"2025-06-04T22:34:35","guid":{"rendered":"https:\/\/pasaenmendoza.com\/?p=13315"},"modified":"2025-06-05T00:34:36","modified_gmt":"2025-06-04T22:34:36","slug":"aumenta-la-consulta-medica-en-mendoza-el-impacto-que-sufriran-los-pacientes","status":"publish","type":"post","link":"https:\/\/pasaenmendoza.com\/?p=13315","title":{"rendered":"Aumenta la consulta m\u00e9dica en Mendoza: el impacto que sufrir\u00e1n los pacientes"},"content":{"rendered":"\n<p>La&nbsp;<strong>consulta m\u00e9dica<\/strong>&nbsp;vuelve a&nbsp;<strong>aumentar&nbsp;<\/strong>en&nbsp;<strong>Mendoza<\/strong>. As\u00ed lo dio a conocer este mi\u00e9rcoles, Lodovico Palma, titular de la&nbsp;Federaci\u00f3n M\u00e9dica de Mendoza&nbsp;(FMM) y el&nbsp;C\u00edrculo M\u00e9dico de Mendoza&nbsp;(CMM).<\/p>\n\n\n\n<p>De acuerdo con la informaci\u00f3n oficial, la actualizaci\u00f3n de los valores de las&nbsp;<strong>consultas m\u00e9dicas&nbsp;<\/strong>sufri\u00f3 un incremento desde el<strong>&nbsp;1 de junio<\/strong>.<\/p>\n\n\n\n<p>De este modo, la consulta general al m\u00e9dico, en el caso de pacientes\u00a0<strong>con obra social\u00a0sindical o provincial<\/strong>\u00a0costar\u00e1 \u00a0<strong>$28.000<\/strong>\u00a0(antes el valor era de $27.000). En tanto, los que poseen<strong>\u00a0prepagas comerciales deber\u00e1n pagar $32.000<\/strong>\u00a0(antes el valor era de $31.000).<\/p>\n\n\n\n<figure class=\"wp-block-image\"><img decoding=\"async\" src=\"https:\/\/i0.wp.com\/www.elsol.com.ar\/wp-content\/uploads\/2025\/06\/WhatsApp-Image-2025-06-04-at-10.42.54.jpeg?resize=780%2C780&amp;ssl=1\" alt=\"\" class=\"wp-image-2107976\"\/><\/figure>\n\n\n\n<p>Seg\u00fan el comunicado difundido por la entidad, \u201cla<strong>&nbsp;consulta m\u00e9dica<\/strong>&nbsp;es el eje fundamental del sistema de salud\u201d.<\/p>\n\n\n\n<p>En este sentido, la actualizaci\u00f3n de los honorarios no es un reclamo \u201cantojadizo\u201d, sino una<strong><em>\u00a0\u201ccondici\u00f3n indispensable para garantizar la calidad de la atenci\u00f3n y preservar la dignidad del ejercicio profesional\u201d.<\/em><\/strong><\/p>\n\n\n\n<p><strong>Fuente: www.elsol.com.ar<\/strong><\/p>\n","protected":false},"excerpt":{"rendered":"<p>La&nbsp;consulta m\u00e9dica&nbsp;vuelve a&nbsp;aumentar&nbsp;en&nbsp;Mendoza. As\u00ed lo dio a conocer este mi\u00e9rcoles, Lodovico Palma, titular de la&nbsp;Federaci\u00f3n M\u00e9dica de Mendoza&nbsp;(FMM) y el&nbsp;C\u00edrculo M\u00e9dico de Mendoza&nbsp;(CMM). De acuerdo con la informaci\u00f3n oficial, la actualizaci\u00f3n de los valores de las&nbsp;consultas m\u00e9dicas&nbsp;sufri\u00f3 un incremento desde el&nbsp;1 de junio. De este modo, la consulta general al m\u00e9dico, en el caso de [&hellip;]<\/p>\n","protected":false},"author":2,"featured_media":13316,"comment_status":"open","ping_status":"open","sticky":false,"template":"","format":"standard","meta":[],"categories":[58],"tags":[],"_links":{"self":[{"href":"https:\/\/pasaenmendoza.com\/index.php?rest_route=\/wp\/v2\/posts\/13315"}],"collection":[{"href":"https:\/\/pasaenmendoza.com\/index.php?rest_route=\/wp\/v2\/posts"}],"about":[{"href":"https:\/\/pasaenmendoza.com\/index.php?rest_route=\/wp\/v2\/types\/post"}],"author":[{"embeddable":true,"href":"https:\/\/pasaenmendoza.com\/index.php?rest_route=\/wp\/v2\/users\/2"}],"replies":[{"embeddable":true,"href":"https:\/\/pasaenmendoza.com\/index.php?rest_route=%2Fwp%2Fv2%2Fcomments&post=13315"}],"version-history":[{"count":1,"href":"https:\/\/pasaenmendoza.com\/index.php?rest_route=\/wp\/v2\/posts\/13315\/revisions"}],"predecessor-version":[{"id":13317,"href":"https:\/\/pasaenmendoza.com\/index.php?rest_route=\/wp\/v2\/posts\/13315\/revisions\/13317"}],"wp:featuredmedia":[{"embeddable":true,"href":"https:\/\/pasaenmendoza.com\/index.php?rest_route=\/wp\/v2\/media\/13316"}],"wp:attachment":[{"href":"https:\/\/pasaenmendoza.com\/index.php?rest_route=%2Fwp%2Fv2%2Fmedia&parent=13315"}],"wp:term":[{"taxonomy":"category","embeddable":true,"href":"https:\/\/pasaenmendoza.com\/index.php?rest_route=%2Fwp%2Fv2%2Fcategories&post=13315"},{"taxonomy":"post_tag","embeddable":true,"href":"https:\/\/pasaenmendoza.com\/index.php?rest_route=%2Fwp%2Fv2%2Ftags&post=13315"}],"curies":[{"name":"wp","href":"https:\/\/api.w.org\/{rel}","templated":true}]}}