{"id":13318,"date":"2025-06-05T00:38:10","date_gmt":"2025-06-04T22:38:10","guid":{"rendered":"https:\/\/pasaenmendoza.com\/?p=13318"},"modified":"2025-06-05T00:38:11","modified_gmt":"2025-06-04T22:38:11","slug":"donde-eligen-vivir-los-mendocinos-este-es-el-departamento-con-mayor-crecimiento-urbano","status":"publish","type":"post","link":"https:\/\/pasaenmendoza.com\/?p=13318","title":{"rendered":"\u00bfD\u00f3nde eligen vivir los mendocinos? Este es el departamento con mayor crecimiento urbano"},"content":{"rendered":"\n<p>Un nuevo informe sobre el crecimiento de la mancha urbana en el \u00c1rea Metropolitana de Mendoza (AMM) revel\u00f3 un&nbsp;<strong>incremento significativo<\/strong>&nbsp;entre 2018 y 2024&nbsp;en la superficie urbanizada, especialmente en los municipios de&nbsp;<strong>Luj\u00e1n de Cuyo, Maip\u00fa y Guaymall\u00e9n<\/strong>. Esta situaci\u00f3n estuvo acompa\u00f1ada por una baja en la densidad poblacional.<\/p>\n\n\n\n<p>El relevamiento fue realizado por el equipo de Tejido Urbano en diciembre de 2024 y compara los cambios ocurridos durante ese per\u00edodo en los seis municipios que integran el aglomerado: Capital, Godoy Cruz, Guaymall\u00e9n, Las Heras, Maip\u00fa y Luj\u00e1n de Cuyo.<\/p>\n\n\n\n<h2 class=\"wp-block-heading\" id=\"h-mas-ciudad-menos-eficiencia\">M\u00e1s ciudad, menos eficiencia<\/h2>\n\n\n\n<p>Seg\u00fan el informe, la superficie urbanizada total del AMM alcanz\u00f3 los 239,7 km\u00b2, lo que representa un incremento de 18,4 km\u00b2 (8,3%) respecto a 2018. Para dimensionar este crecimiento: equivale a incorporar una vez y media la superficie del barrio porte\u00f1o de Puerto Madero por a\u00f1o, o al Parque San Mart\u00edn completo, si se considera su parte cultivada.<\/p>\n\n\n\n<p>Los municipios con mayor expansi\u00f3n territorial&nbsp;<strong>fueron Luj\u00e1n de Cuyo, que sum\u00f3 6,8 km\u00b2 (un 15,2% m\u00e1s), seguido por Maip\u00fa (3,9 km\u00b2, 11,3%), Guaymall\u00e9n<\/strong>&nbsp;(3,5 km\u00b2, 7,3%) y Las Heras (3,3 km\u00b2, 11,1%). Por el contrario, Godoy Cruz y Capital mostraron crecimientos mucho m\u00e1s moderados: apenas 0,2 y 0,6 km\u00b2 respectivamente.<\/p>\n\n\n\n<p>El documento destaca que el proceso de expansi\u00f3n horizontal plantea desaf\u00edos para la sustentabilidad urbana: mayor presi\u00f3n sobre los servicios p\u00fablicos, un uso menos eficiente del suelo y el avance sobre zonas rurales o productivas.<\/p>\n\n\n\n<h2 class=\"wp-block-heading\" id=\"h-el-crecimiento-de-la-poblacion\">El crecimiento de la poblaci\u00f3n<\/h2>\n\n\n\n<p>El informe estima que la poblaci\u00f3n en las zonas urbanizadas del AMM creci\u00f3 un 5,6% entre 2018 y 2024, lo que implica un aumento de aproximadamente 60.000 habitantes.<\/p>\n\n\n\n<p>El crecimiento no fue homog\u00e9neo:&nbsp;<strong>Luj\u00e1n de Cuyo y Maip\u00fa registraron las mayores alzas, con m\u00e1s del 10% en ambos casos.&nbsp;<\/strong>Las Heras tambi\u00e9n mostr\u00f3 un crecimiento moderado (6,4%), mientras que Guaymall\u00e9n y Capital rondaron el 3,5%. Godoy Cruz se mantuvo pr\u00e1cticamente estable, con un incremento menor al 1%.<\/p>\n\n\n\n<p>Como consecuencia de este aumento, \u00a0en 2024\u00a0Luj\u00e1n de Cuyo\u00a0<strong>inici\u00f3 el reclamo<\/strong>\u00a0por la coparticipaci\u00f3n,\u00a0es decir,\u00a0por el dinero que le correspond\u00eda por el aumento poblacional verificado en los datos provisorios del censo 2022.\u00a0<strong>Subi\u00f3 de 119.888 a 172.109 habitantes; un 43,5%<\/strong>.<\/p>\n\n\n\n<h2 class=\"wp-block-heading\" id=\"h-la-densidad-en-retroceso\">La densidad, en retroceso<\/h2>\n\n\n\n<p>La combinaci\u00f3n de un crecimiento poblacional menor al de la expansi\u00f3n territorial deriv\u00f3 en una ca\u00edda de la densidad urbana general del AMM: pas\u00f3 de 4.765 habitantes por km\u00b2 en 2018 a 4.646 en 2024, es decir, una disminuci\u00f3n del 2,5%.<\/p>\n\n\n\n<p>Las mayores p\u00e9rdidas de densidad se registraron en Las Heras (4,3%) y Guaymall\u00e9n (3,6%), donde la expansi\u00f3n super\u00f3 al aumento poblacional. En Maip\u00fa y Luj\u00e1n de Cuyo la ca\u00edda fue leve (0,9% y 0,7%, respectivamente). Capital fue la \u00fanica jurisdicci\u00f3n que aument\u00f3 su densidad (1,5%) y Godoy Cruz pr\u00e1cticamente no registr\u00f3 cambios.<\/p>\n\n\n\n<h2 class=\"wp-block-heading\" id=\"h-el-nuevo-mapa-urbano\">El nuevo mapa urbano<\/h2>\n\n\n\n<p>Los datos del relevamiento \u2014realizado a partir de im\u00e1genes satelitales y an\u00e1lisis censales\u2014 dibujan un nuevo mapa urbano donde los municipios perif\u00e9ricos ganan terreno en extensi\u00f3n, pero no necesariamente en concentraci\u00f3n de poblaci\u00f3n. En contraste, los n\u00facleos m\u00e1s consolidados, como Capital y Godoy Cruz, muestran un patr\u00f3n m\u00e1s compacto y sostenido.<\/p>\n\n\n\n<p><strong>Fuente: www.elsol.com.ar<\/strong><\/p>\n","protected":false},"excerpt":{"rendered":"<p>Un nuevo informe sobre el crecimiento de la mancha urbana en el \u00c1rea Metropolitana de Mendoza (AMM) revel\u00f3 un&nbsp;incremento significativo&nbsp;entre 2018 y 2024&nbsp;en la superficie urbanizada, especialmente en los municipios de&nbsp;Luj\u00e1n de Cuyo, Maip\u00fa y Guaymall\u00e9n. Esta situaci\u00f3n estuvo acompa\u00f1ada por una baja en la densidad poblacional. El relevamiento fue realizado por el equipo de [&hellip;]<\/p>\n","protected":false},"author":2,"featured_media":13319,"comment_status":"open","ping_status":"open","sticky":false,"template":"","format":"standard","meta":[],"categories":[50],"tags":[],"_links":{"self":[{"href":"https:\/\/pasaenmendoza.com\/index.php?rest_route=\/wp\/v2\/posts\/13318"}],"collection":[{"href":"https:\/\/pasaenmendoza.com\/index.php?rest_route=\/wp\/v2\/posts"}],"about":[{"href":"https:\/\/pasaenmendoza.com\/index.php?rest_route=\/wp\/v2\/types\/post"}],"author":[{"embeddable":true,"href":"https:\/\/pasaenmendoza.com\/index.php?rest_route=\/wp\/v2\/users\/2"}],"replies":[{"embeddable":true,"href":"https:\/\/pasaenmendoza.com\/index.php?rest_route=%2Fwp%2Fv2%2Fcomments&post=13318"}],"version-history":[{"count":1,"href":"https:\/\/pasaenmendoza.com\/index.php?rest_route=\/wp\/v2\/posts\/13318\/revisions"}],"predecessor-version":[{"id":13320,"href":"https:\/\/pasaenmendoza.com\/index.php?rest_route=\/wp\/v2\/posts\/13318\/revisions\/13320"}],"wp:featuredmedia":[{"embeddable":true,"href":"https:\/\/pasaenmendoza.com\/index.php?rest_route=\/wp\/v2\/media\/13319"}],"wp:attachment":[{"href":"https:\/\/pasaenmendoza.com\/index.php?rest_route=%2Fwp%2Fv2%2Fmedia&parent=13318"}],"wp:term":[{"taxonomy":"category","embeddable":true,"href":"https:\/\/pasaenmendoza.com\/index.php?rest_route=%2Fwp%2Fv2%2Fcategories&post=13318"},{"taxonomy":"post_tag","embeddable":true,"href":"https:\/\/pasaenmendoza.com\/index.php?rest_route=%2Fwp%2Fv2%2Ftags&post=13318"}],"curies":[{"name":"wp","href":"https:\/\/api.w.org\/{rel}","templated":true}]}}