{"id":13321,"date":"2025-06-05T15:23:01","date_gmt":"2025-06-05T13:23:01","guid":{"rendered":"https:\/\/pasaenmendoza.com\/?p=13321"},"modified":"2025-06-05T15:23:02","modified_gmt":"2025-06-05T13:23:02","slug":"siguen-los-dias-lindos-en-mendoza-asi-estara-el-tiempo-este-jueves-y-el-fin-de-semana","status":"publish","type":"post","link":"https:\/\/pasaenmendoza.com\/?p=13321","title":{"rendered":"Siguen los \u201cd\u00edas lindos\u201d en Mendoza: as\u00ed estar\u00e1 el tiempo este jueves y el fin de semana"},"content":{"rendered":"\n<p>Contin\u00faan las buenas condiciones meteorol\u00f3gicas en todo el territorio provincial. Para este&nbsp;<strong>jueves<\/strong>, la Direcci\u00f3n de Contingencias Clim\u00e1ticas indica: \u201cPoca nubosidad con poco cambio de la temperatura, vientos leves del noreste. Poco nuboso en cordillera\u201d.<\/p>\n\n\n\n<p><strong>La m\u00ednima ser\u00e1 de 6 grados y la m\u00e1xima de 19.<\/strong><\/p>\n\n\n\n<p>Para el\u00a0<strong>viernes<\/strong>\u00a0se pronostica: \u201cPoca nubosidad con poco cambio de la temperatura, vientos leves del noreste. Poco nuboso en cordillera\u201d.<\/p>\n\n\n\n<p><strong>La m\u00ednima ser\u00e1 de 6 grados y la m\u00e1xima de 18.<\/strong><\/p>\n\n\n\n<p>En tanto, el&nbsp;<strong>s\u00e1bado<\/strong>&nbsp;estar\u00e1 con \u201cpoca nubosidad con ascenso de la temperatura, vientos leves del sector sur. Poco nuboso en cordillera\u201d.<\/p>\n\n\n\n<p><strong>La m\u00ednima ser\u00e1 de 5 grados y la m\u00e1xima de 20.<\/strong><\/p>\n\n\n\n<p><strong>Fuente: www.elsol.com.ar<\/strong><\/p>\n","protected":false},"excerpt":{"rendered":"<p>Contin\u00faan las buenas condiciones meteorol\u00f3gicas en todo el territorio provincial. Para este&nbsp;jueves, la Direcci\u00f3n de Contingencias Clim\u00e1ticas indica: \u201cPoca nubosidad con poco cambio de la temperatura, vientos leves del noreste. Poco nuboso en cordillera\u201d. La m\u00ednima ser\u00e1 de 6 grados y la m\u00e1xima de 19. Para el\u00a0viernes\u00a0se pronostica: \u201cPoca nubosidad con poco cambio de la [&hellip;]<\/p>\n","protected":false},"author":2,"featured_media":13322,"comment_status":"open","ping_status":"open","sticky":false,"template":"","format":"standard","meta":[],"categories":[52],"tags":[],"_links":{"self":[{"href":"https:\/\/pasaenmendoza.com\/index.php?rest_route=\/wp\/v2\/posts\/13321"}],"collection":[{"href":"https:\/\/pasaenmendoza.com\/index.php?rest_route=\/wp\/v2\/posts"}],"about":[{"href":"https:\/\/pasaenmendoza.com\/index.php?rest_route=\/wp\/v2\/types\/post"}],"author":[{"embeddable":true,"href":"https:\/\/pasaenmendoza.com\/index.php?rest_route=\/wp\/v2\/users\/2"}],"replies":[{"embeddable":true,"href":"https:\/\/pasaenmendoza.com\/index.php?rest_route=%2Fwp%2Fv2%2Fcomments&post=13321"}],"version-history":[{"count":1,"href":"https:\/\/pasaenmendoza.com\/index.php?rest_route=\/wp\/v2\/posts\/13321\/revisions"}],"predecessor-version":[{"id":13323,"href":"https:\/\/pasaenmendoza.com\/index.php?rest_route=\/wp\/v2\/posts\/13321\/revisions\/13323"}],"wp:featuredmedia":[{"embeddable":true,"href":"https:\/\/pasaenmendoza.com\/index.php?rest_route=\/wp\/v2\/media\/13322"}],"wp:attachment":[{"href":"https:\/\/pasaenmendoza.com\/index.php?rest_route=%2Fwp%2Fv2%2Fmedia&parent=13321"}],"wp:term":[{"taxonomy":"category","embeddable":true,"href":"https:\/\/pasaenmendoza.com\/index.php?rest_route=%2Fwp%2Fv2%2Fcategories&post=13321"},{"taxonomy":"post_tag","embeddable":true,"href":"https:\/\/pasaenmendoza.com\/index.php?rest_route=%2Fwp%2Fv2%2Ftags&post=13321"}],"curies":[{"name":"wp","href":"https:\/\/api.w.org\/{rel}","templated":true}]}}