{"id":1333,"date":"2023-09-11T13:24:52","date_gmt":"2023-09-11T11:24:52","guid":{"rendered":"https:\/\/pasaenmendoza.com\/?p=1333"},"modified":"2023-09-11T13:24:52","modified_gmt":"2023-09-11T11:24:52","slug":"rodolfo-suarez-se-pone-la-campana-al-hombro-en-la-recta-final","status":"publish","type":"post","link":"https:\/\/pasaenmendoza.com\/?p=1333","title":{"rendered":"Rodolfo Suarez se pone la campa\u00f1a al hombro en la recta final"},"content":{"rendered":"\n<p>En la primera semana de septiembre, el gobernador se mostr\u00f3 activo anunciando o inaugurando diferentes obras, lo que contrasta con el rol que tuvo en las PASO.<\/p>\n\n\n\n<p><strong>Rodolfo Suarez<\/strong>&nbsp;atraviesa sus \u00faltimos tres meses como gobernador de Mendoza. Y lo hace con una elecci\u00f3n que definir\u00e1 en dos semanas a qui\u00e9n ser\u00e1 su sucesor. Por estos motivos, desde que comenz\u00f3 septiembre, se ha mantenido activo en la campa\u00f1a, a diferencia del rol que jug\u00f3 en las PASO.<\/p>\n\n\n\n<p>Antes de las Primarias provinciales del 11 de junio, el mandatario opt\u00f3 por tener un perfil bajo y regular sus apariciones p\u00fablicas debido a que Cambia Mendoza deb\u00eda enfrentar una disputa interna entre\u00a0<strong>Alfredo Cornejo<\/strong>\u00a0y\u00a0<strong>Luis Petri<\/strong>.<\/p>\n\n\n\n<p>En aquellas instancias, para evitar situaciones inc\u00f3modas o declaraciones que podr\u00edan afectar el curso de la campa\u00f1a,\u00a0<mark>Suarez decidi\u00f3 mantenerse al margen hasta la finalizaci\u00f3n de los comicios<\/mark>.<\/p>\n\n\n\n<p>Pero la estrategia en el oficialismo cambi\u00f3 el mismo d\u00eda despu\u00e9s de las elecciones de los departamentos que desdoblaron, en el que CM cosech\u00f3 siete previsibles derrotas. El lunes siguiente Suarez se puso el traje de campa\u00f1a y comenz\u00f3 la semana con m\u00faltiples anuncios y recorridas por toda la provincia.<\/p>\n\n\n\n<p>A partir de ahora, desde el entorno del gobernador afirmaron que Suarez recorrer\u00e1 toda la provincia acompa\u00f1ando a Cornejo y Hebe Casado.&nbsp;<mark>La intenci\u00f3n de Cambia Mendoza es hacer pesar sus a\u00f1os de gesti\u00f3n con la presencia de sus respectivos dirigentes<\/mark>.<\/p>\n\n\n\n<p>A su vez, indicaron que\u00a0<strong>Suarez\u00a0<\/strong>visitar\u00e1 algunos departamentos donde se siente c\u00f3modo como Ciudad, Godoy Cruz o el Este mendocino.<\/p>\n\n\n\n<h2 class=\"wp-block-heading\" id=\"h-la-secuencia-de-la-semana\">La secuencia de la semana<\/h2>\n\n\n\n<p>E<mark>l gobernador y el ministro de Econom\u00eda y Energ\u00eda, Enrique Vaqui\u00e9, abrieron la semana con el primer gran anuncio a medias, la licitaci\u00f3n de Potasio R\u00edo Colorado<\/mark>. A falta de confirmar qui\u00e9n ser\u00e1 la empresa que tendr\u00e1 la concesi\u00f3n de explotar la mina ubicada en Malarg\u00fce, desde el Ejecutivo anunciaron que la inversi\u00f3n del proyecto ser\u00e1 de mil millones de d\u00f3lares.&nbsp;<\/p>\n\n\n\n<p>El martes, el Departamento General de Irrigaci\u00f3n exhibi\u00f3 sobre la explanada de Casa de Gobierno las maquinarias y equipos destinados para el mantenimiento y construcci\u00f3n de obras en la red h\u00eddrica de la provincia. En este caso, Suarez vio las compras junto a Sergio Marinelli, el gobernador del agua.<\/p>\n\n\n\n<p>La jornada no concluy\u00f3 ah\u00ed. Parti\u00f3 hasta San Mart\u00edn, en donde lo esperaba el intendente&nbsp;<strong>Ra\u00fal Rufeil<\/strong>&nbsp;para la inauguraci\u00f3n de la primera etapa de reconstrucci\u00f3n del carril Montecaseros. En ese punto,&nbsp;<mark>Suarez en conferencia de prensa apunt\u00f3 contra quienes promueven la \u201ccampa\u00f1a sucia\u201d en la provincia.<\/mark><\/p>\n\n\n\n<p>\u201c<em>Aparecieron ciertos carteles de lo que es una campa\u00f1a sucia. Un grupo pol\u00edtico ha estado utilizando la imagen de otro candidato diciendo que todo est\u00e1 mal<\/em>.\u00a0Hace mucho que no exist\u00eda campa\u00f1a de esta naturaleza. Al que menos le conviene, es al que las hace\u201d, manifest\u00f3 el jefe de Estado provincial,\u201d, asegur\u00f3 y no fue la primera vez en la semana a la que hizo referencia.<\/p>\n\n\n\n<p>El mi\u00e9rcoles, present\u00f3 33 casas en el barrio Filiberto de Godoy Cruz, con sus referentes locales, el intendente&nbsp;<strong>Tadeo Garc\u00eda Zalazar<\/strong>&nbsp;y quien quiere llevar la hegemon\u00eda radical a 24 a\u00f1os consecutivos, Diego Costarelli.<\/p>\n\n\n\n<p>En ese escenario dio otro de sus anuncios fuertes para la campa\u00f1a: el sorteo de 2.157 casas en 12 departamentos, pero todo en el marco apretado de lo que queda de campa\u00f1a porque la loter\u00eda se realizar\u00e1 a un d\u00eda de la veda electoral. Tambi\u00e9n se permiti\u00f3 mostrar un desahogo para su propia gesti\u00f3n,<mark>&nbsp;el anuncio del Banco Central que le permite a Mendoza a acceder a d\u00f3lares a cambio oficial para pagar un vencimiento a fines de este mes.<\/mark><\/p>\n\n\n\n<p>\u201c<em>Los mendocinos somos famosos por siempre haber pagado nuestras deudas.&nbsp;Nos vamos a ir con mucha menos deuda de la que ingresamos<\/em>\u201d, enfatiz\u00f3 Suarez.<\/p>\n\n\n\n<p>El jueves fue un d\u00eda movido. Durante la ma\u00f1ana estuvo en el acto del 125\u00b0 Aniversario de la Direcci\u00f3n de Investigaciones y al mediod\u00eda encabez\u00f3 la inauguraci\u00f3n del Hotel Fuente Mayor en la Terminal de \u00d3mnibus.<\/p>\n\n\n\n<p>Durante la ceremonia de presentaci\u00f3n,&nbsp;<mark>Suarez destac\u00f3 la figura de Cornejo al adjudicarle la transformaci\u00f3n que tuvo la Terminal de \u00d3mnibus en los \u00faltimos a\u00f1os<\/mark>. Luego del almuerzo protocolar, la comitiva de Cambia Mendoza parti\u00f3 para San Rafael a la inauguraci\u00f3n de la nueva Escuela Especial 2-039 Padre Jos\u00e9 Carrone.<\/p>\n\n\n\n<p>El mandatario provincial cerr\u00f3 la semana cortando las cintas del nuevo edificio de la maternidad en el Hospital Luis Lagomaggiore. De esta manera, Suarez culmin\u00f3 su secuencia de inauguraciones y anuncio de obras, ya que por el calendario electoral hasta el s\u00e1bado pudo hacer este tipo acciones que pueden rendirle electoralmente al oficialismo. Por supuesto, en cada acci\u00f3n estuvo Alfredo Cornejo.<\/p>\n\n\n\n<p>FUENTE: elsol.com.ar<\/p>\n","protected":false},"excerpt":{"rendered":"<p>En la primera semana de septiembre, el gobernador se mostr\u00f3 activo anunciando o inaugurando diferentes obras, lo que contrasta con el rol que tuvo en las PASO. Rodolfo Suarez&nbsp;atraviesa sus \u00faltimos tres meses como gobernador de Mendoza. Y lo hace con una elecci\u00f3n que definir\u00e1 en dos semanas a qui\u00e9n ser\u00e1 su sucesor. Por estos [&hellip;]<\/p>\n","protected":false},"author":2,"featured_media":1334,"comment_status":"open","ping_status":"open","sticky":true,"template":"","format":"standard","meta":[],"categories":[47],"tags":[],"_links":{"self":[{"href":"https:\/\/pasaenmendoza.com\/index.php?rest_route=\/wp\/v2\/posts\/1333"}],"collection":[{"href":"https:\/\/pasaenmendoza.com\/index.php?rest_route=\/wp\/v2\/posts"}],"about":[{"href":"https:\/\/pasaenmendoza.com\/index.php?rest_route=\/wp\/v2\/types\/post"}],"author":[{"embeddable":true,"href":"https:\/\/pasaenmendoza.com\/index.php?rest_route=\/wp\/v2\/users\/2"}],"replies":[{"embeddable":true,"href":"https:\/\/pasaenmendoza.com\/index.php?rest_route=%2Fwp%2Fv2%2Fcomments&post=1333"}],"version-history":[{"count":1,"href":"https:\/\/pasaenmendoza.com\/index.php?rest_route=\/wp\/v2\/posts\/1333\/revisions"}],"predecessor-version":[{"id":1335,"href":"https:\/\/pasaenmendoza.com\/index.php?rest_route=\/wp\/v2\/posts\/1333\/revisions\/1335"}],"wp:featuredmedia":[{"embeddable":true,"href":"https:\/\/pasaenmendoza.com\/index.php?rest_route=\/wp\/v2\/media\/1334"}],"wp:attachment":[{"href":"https:\/\/pasaenmendoza.com\/index.php?rest_route=%2Fwp%2Fv2%2Fmedia&parent=1333"}],"wp:term":[{"taxonomy":"category","embeddable":true,"href":"https:\/\/pasaenmendoza.com\/index.php?rest_route=%2Fwp%2Fv2%2Fcategories&post=1333"},{"taxonomy":"post_tag","embeddable":true,"href":"https:\/\/pasaenmendoza.com\/index.php?rest_route=%2Fwp%2Fv2%2Ftags&post=1333"}],"curies":[{"name":"wp","href":"https:\/\/api.w.org\/{rel}","templated":true}]}}