{"id":13330,"date":"2025-06-05T22:18:02","date_gmt":"2025-06-05T20:18:02","guid":{"rendered":"https:\/\/pasaenmendoza.com\/?p=13330"},"modified":"2025-06-05T22:18:04","modified_gmt":"2025-06-05T20:18:04","slug":"volco-un-camion-cargado-con-manzanas-en-alta-montana","status":"publish","type":"post","link":"https:\/\/pasaenmendoza.com\/?p=13330","title":{"rendered":"Volc\u00f3 un cami\u00f3n cargado con manzanas en Alta Monta\u00f1a"},"content":{"rendered":"\n<p>Un&nbsp;<strong>cami\u00f3n volc\u00f3<\/strong>&nbsp;en la tarde de este jueves en&nbsp;<strong>Alta Monta\u00f1a<\/strong>, generando que el tr\u00e1nsito se relentice debido al trabajo de la polic\u00eda. El chofer solo sufri\u00f3 un politraumatismo leve en su mano derecha.<\/p>\n\n\n\n<p>De acuerdo a la informaci\u00f3n suministrada por Gendarmer\u00eda, el\u00a0<strong>cami\u00f3n volc\u00f3 en la ruta 7<\/strong>, a la altura del kil\u00f3metro 1.191, en el sector de\u00a0<strong>Polvaredas<\/strong>. El veh\u00edculo, de origen brasilero, que\u00a0<strong>proven\u00eda de Chile<\/strong>\u00a0y\u00a0<strong>transportaba manzanas<\/strong>, perdi\u00f3 el control y termin\u00f3 en la banquina. La jefatura de la Comisar\u00eda N\u00b0 23 tom\u00f3 conocimiento del incidente y dispuso el env\u00edo de m\u00f3viles de emergencias al lugar.<\/p>\n\n\n\n<p>Personal de Gendarmer\u00eda Nacional y la Polic\u00eda de Mendoza regul\u00f3 el tr\u00e1nsito en la zona mientras llegaba la ambulancia. Se activaron los protocolos de seguridad para evitar inconvenientes adicionales. Los equipos de emergencia trabajaron en el sitio para atender a posibles heridos.<\/p>\n\n\n\n<p><strong>Fuente: www.mendozapost.com<\/strong><\/p>\n","protected":false},"excerpt":{"rendered":"<p>Un&nbsp;cami\u00f3n volc\u00f3&nbsp;en la tarde de este jueves en&nbsp;Alta Monta\u00f1a, generando que el tr\u00e1nsito se relentice debido al trabajo de la polic\u00eda. El chofer solo sufri\u00f3 un politraumatismo leve en su mano derecha. De acuerdo a la informaci\u00f3n suministrada por Gendarmer\u00eda, el\u00a0cami\u00f3n volc\u00f3 en la ruta 7, a la altura del kil\u00f3metro 1.191, en el sector [&hellip;]<\/p>\n","protected":false},"author":2,"featured_media":13331,"comment_status":"open","ping_status":"open","sticky":false,"template":"","format":"standard","meta":[],"categories":[48],"tags":[],"_links":{"self":[{"href":"https:\/\/pasaenmendoza.com\/index.php?rest_route=\/wp\/v2\/posts\/13330"}],"collection":[{"href":"https:\/\/pasaenmendoza.com\/index.php?rest_route=\/wp\/v2\/posts"}],"about":[{"href":"https:\/\/pasaenmendoza.com\/index.php?rest_route=\/wp\/v2\/types\/post"}],"author":[{"embeddable":true,"href":"https:\/\/pasaenmendoza.com\/index.php?rest_route=\/wp\/v2\/users\/2"}],"replies":[{"embeddable":true,"href":"https:\/\/pasaenmendoza.com\/index.php?rest_route=%2Fwp%2Fv2%2Fcomments&post=13330"}],"version-history":[{"count":1,"href":"https:\/\/pasaenmendoza.com\/index.php?rest_route=\/wp\/v2\/posts\/13330\/revisions"}],"predecessor-version":[{"id":13332,"href":"https:\/\/pasaenmendoza.com\/index.php?rest_route=\/wp\/v2\/posts\/13330\/revisions\/13332"}],"wp:featuredmedia":[{"embeddable":true,"href":"https:\/\/pasaenmendoza.com\/index.php?rest_route=\/wp\/v2\/media\/13331"}],"wp:attachment":[{"href":"https:\/\/pasaenmendoza.com\/index.php?rest_route=%2Fwp%2Fv2%2Fmedia&parent=13330"}],"wp:term":[{"taxonomy":"category","embeddable":true,"href":"https:\/\/pasaenmendoza.com\/index.php?rest_route=%2Fwp%2Fv2%2Fcategories&post=13330"},{"taxonomy":"post_tag","embeddable":true,"href":"https:\/\/pasaenmendoza.com\/index.php?rest_route=%2Fwp%2Fv2%2Ftags&post=13330"}],"curies":[{"name":"wp","href":"https:\/\/api.w.org\/{rel}","templated":true}]}}