{"id":13333,"date":"2025-06-06T00:06:07","date_gmt":"2025-06-05T22:06:07","guid":{"rendered":"https:\/\/pasaenmendoza.com\/?p=13333"},"modified":"2025-06-06T00:06:08","modified_gmt":"2025-06-05T22:06:08","slug":"alejo-arias-volvio-a-mendoza-tras-estar-preso-casi-dos-anos-en-el-salvador-cristo-todo-lo-puede","status":"publish","type":"post","link":"https:\/\/pasaenmendoza.com\/?p=13333","title":{"rendered":"Alejo Arias volvi\u00f3 a Mendoza tras estar preso casi dos a\u00f1os en El Salvador: &#8220;Cristo todo lo puede&#8221;"},"content":{"rendered":"\n<p><strong>Alejo Arias<\/strong>\u00a0volvi\u00f3 a Mendoza este jueves por la tarde tras permanecer preso durante casi dos a\u00f1os en El Salvador y ser liberado y trasladado al pa\u00eds bajo estrictas normas de confidencialidad y reserva. Arrib\u00f3 al aeropuerto El Plumerillo pasadas las 17 acompa\u00f1ado por los padres,\u00a0<strong>Mauricio Arias y<\/strong>\u00a0<strong>Sandra Gonz\u00e1lez<\/strong>, con quienes se hab\u00eda reencontrado a las 3 en el aeropuerto de Ezeiza.<\/p>\n\n\n\n<p>Parientes, amigos y vecinos ansiosos y emocionados lo recibieron como a un&nbsp;<em>rockstar<\/em>. Lo vivaron y aplaudieron cuando apareci\u00f3, con los padres, entre la multitud de viajeros que llegaban desde Buenos Aires.<\/p>\n\n\n\n<p>Con carteles, fotos y remeras de&nbsp;<strong>Alejo Arias<\/strong>&nbsp;llegaron desde Rivadavia al aeropuerto a partir de las 16. El vuelo lleg\u00f3 a las 17.25 desde Aeroparque. &#8220;Feliz de volver a mi provincia despu\u00e9s de tanto tiempo; estoy agradecido a los gobiernos argentino y de Bukele&#8221;, fueron las primeras palabras del joven Alejo Arias al pisar su provincia natal despu\u00e9s de dos a\u00f1os preso en&nbsp;<strong>El Salvador<\/strong>.<\/p>\n\n\n\n<p>&#8220;Fue muy dif\u00edcil estar tanto tiempo sin comunicaci\u00f3n con mi familia&#8221;, dijo&nbsp;<strong>Alejo Arias<\/strong>&nbsp;con una tonadita propia de aquel pa\u00eds centromericano. &#8220;Todo fue favorable y ya estoy ac\u00e1&#8221;, explic\u00f3 Arias acerca del proceso judicial que hace una semana determin\u00f3 la expulsi\u00f3n de&nbsp;<strong>El Salvador<\/strong>&nbsp;y retorno al pa\u00eds.<\/p>\n\n\n\n<h2 class=\"wp-block-heading\">Todos los abrazos y las l\u00e1grimas felices para Alejo Arias<\/h2>\n\n\n\n<p>Por momentos lloraban todos de felicidad. A Alejo Arias lo abrazaban. Lo apretaban. Nadie quer\u00eda dejarlo ir. El desenlace fue muy r\u00e1pido y casi en secreto: &#8220;Me enter\u00e9 en el momento&#8221;, dijo&nbsp;<strong>Alejo Arias<\/strong>, que agradeci\u00f3 a la embajada argentina en&nbsp;<strong>El Salvador<\/strong>&nbsp;por las gestiones diplom\u00e1ticas y la contenci\u00f3n. Tambi\u00e9n dedic\u00f3 un agradecimiento al pueblo salvadore\u00f1o &#8220;que siempre me trat\u00f3 muy bien&#8221;.<\/p>\n\n\n\n<p>A pedido del abogado&nbsp;<strong>Miguel \u00c1ngel Pierri&nbsp;<\/strong>no se revelaron m\u00e1s detalles del proceso judicial. Eso s\u00ed, aclararon que &#8220;qued\u00f3 cerrado&#8221; y Alejo Arias ya no tiene asuntos pendientes con la Justicia extranjera.<\/p>\n\n\n\n<p>Los abuelos maternos, Sarita y Pablo Gonz\u00e1lez, expectantes por la llegada y contando que han sido casi dos a\u00f1os de dur\u00edsima espera. &#8220;Siempre confiamos en las gestiones del abogado Pierri&#8221;, expresaron acerca de su nieto, quien se refugi\u00f3 en la fe para soportar casi 24 meses de encierro alejado de su familia. &#8220;Cristo todo lo puede&#8221;, afirm\u00f3.<\/p>\n\n\n\n<h2 class=\"wp-block-heading\">El reencuentro de Alejo Arias con sus padres en Ezeiza a la madrugada<\/h2>\n\n\n\n<p>Hubo l\u00e1grimas de alegr\u00eda y abrazos de felicidad. Luego, una cena r\u00e1pida y el alojamiento de Alejo Arias y los padres en un hotel de CABA. &#8220;Estamos felices&#8221;, dijo a la ma\u00f1ana el padre.<\/p>\n\n\n\n<p>Al mediod\u00eda, tras recibir la documentaci\u00f3n personal de&nbsp;<strong>Alejo Arias&nbsp;<\/strong>e instrucciones desde la&nbsp;<strong>Canciller\u00eda&nbsp;<\/strong>-y hasta haber recuperado una valija- compraron los boletos de&nbsp;<strong>avi\u00f3n&nbsp;<\/strong>y emprendieron el retorno a&nbsp;<strong>Mendoza&nbsp;<\/strong>desde el Aeroparque Jorge Newbery.<\/p>\n\n\n\n<p><strong>Alejo Arias<\/strong>, de 26 a\u00f1os, fue liberado la semana pasada en El Salvador como consecuencia de intensas gestiones de abogados y de orden diplom\u00e1tico entre los gobiernos de Argentina y el que encabeza&nbsp;<strong>Nayib Bukele<\/strong>.<\/p>\n\n\n\n<p>Poco antes de la llegada de Alejo a Mendoza, el abogado&nbsp;<strong>Miguel \u00c1ngel Pierri<\/strong>&nbsp;explic\u00f3 que la liberaci\u00f3n de Arias se produjo el jueves de la semana pasada (30 de mayo) pero todo se mantuvo bajo una estricta confidencialidad.<\/p>\n\n\n\n<p>Fue tras una audiencia de la que participaron el fiscal general y un juez. \u00bfQu\u00e9 pas\u00f3 en todos estos d\u00edas?. Al joven mendocino lo tuvieron que ir a buscar desde Buenos Aires y, en el medio, hacer una extensa tramitaci\u00f3n.<\/p>\n\n\n\n<h2 class=\"wp-block-heading\">El regreso de Alejo Arias a Mendoza y a su casa en Rivadavia<\/h2>\n\n\n\n<p>Los&nbsp;<strong>Arias&nbsp;<\/strong>se trasladaron de inmediato desde El Plumerillo hasta la casa familiar situada en Rivadavia. Desde all\u00ed hab\u00eda salido&nbsp;<strong>Alejo Arias<\/strong>&nbsp;en 2023 para trabajar, gracias a un contrato temporario, en una empresa financiera privada con oficinas en El Salvador.<\/p>\n\n\n\n<p>El 23 de julio de ese a\u00f1o, las autoridades de la gesti\u00f3n Bukele hicieron diversos allanamientos y detuvieron a un grupo de extranjeros, entre quienes estaba el mendocino Alejo Arias.<\/p>\n\n\n\n<p>Se lo acus\u00f3 de ser parte de una organizaci\u00f3n criminal internacional y qued\u00f3 alojado en una c\u00e1rcel de m\u00e1xima seguridad.<\/p>\n\n\n\n<p>A fines de 2023, gracias a gestiones period\u00edsticas -hechas desde Mendoza- y a contactos con la Canciller\u00eda Argentina y el Ministerio de Defensa de la Naci\u00f3n, a cargo del mendocino&nbsp;<strong>Luis Petri<\/strong>, el muchacho fue trasladado a una penitenciar\u00eda de seguridad media.<\/p>\n\n\n\n<p>Qued\u00f3 a la espera de una audiencia judicial que definiera su futuro procesal y fue all\u00ed cuando entr\u00f3 en escena el abogado&nbsp;<strong>Miguel \u00c1ngel Pierri<\/strong>, en nombre de la Fundaci\u00f3n Abogados Sin Fronteras.<\/p>\n\n\n\n<p>Desde la familia y los abogados pasando por el\u00a0<strong>papa Francisco<\/strong>, durante 2023 y 2024 todos pidieron clemencia a\u00a0<strong>Nayib Bukele\u00a0<\/strong>y la liberaci\u00f3n de\u00a0<strong>Alejo Arias<\/strong>\u00a0bajo el argumento de que era inocente y que nunca trabaj\u00f3 para una organizaci\u00f3n delictiva.<\/p>\n\n\n\n<p><strong>Fuente: www.diariouno.com.ar<\/strong><\/p>\n","protected":false},"excerpt":{"rendered":"<p>Alejo Arias\u00a0volvi\u00f3 a Mendoza este jueves por la tarde tras permanecer preso durante casi dos a\u00f1os en El Salvador y ser liberado y trasladado al pa\u00eds bajo estrictas normas de confidencialidad y reserva. Arrib\u00f3 al aeropuerto El Plumerillo pasadas las 17 acompa\u00f1ado por los padres,\u00a0Mauricio Arias y\u00a0Sandra Gonz\u00e1lez, con quienes se hab\u00eda reencontrado a las [&hellip;]<\/p>\n","protected":false},"author":2,"featured_media":13334,"comment_status":"open","ping_status":"open","sticky":false,"template":"","format":"standard","meta":[],"categories":[50],"tags":[],"_links":{"self":[{"href":"https:\/\/pasaenmendoza.com\/index.php?rest_route=\/wp\/v2\/posts\/13333"}],"collection":[{"href":"https:\/\/pasaenmendoza.com\/index.php?rest_route=\/wp\/v2\/posts"}],"about":[{"href":"https:\/\/pasaenmendoza.com\/index.php?rest_route=\/wp\/v2\/types\/post"}],"author":[{"embeddable":true,"href":"https:\/\/pasaenmendoza.com\/index.php?rest_route=\/wp\/v2\/users\/2"}],"replies":[{"embeddable":true,"href":"https:\/\/pasaenmendoza.com\/index.php?rest_route=%2Fwp%2Fv2%2Fcomments&post=13333"}],"version-history":[{"count":1,"href":"https:\/\/pasaenmendoza.com\/index.php?rest_route=\/wp\/v2\/posts\/13333\/revisions"}],"predecessor-version":[{"id":13335,"href":"https:\/\/pasaenmendoza.com\/index.php?rest_route=\/wp\/v2\/posts\/13333\/revisions\/13335"}],"wp:featuredmedia":[{"embeddable":true,"href":"https:\/\/pasaenmendoza.com\/index.php?rest_route=\/wp\/v2\/media\/13334"}],"wp:attachment":[{"href":"https:\/\/pasaenmendoza.com\/index.php?rest_route=%2Fwp%2Fv2%2Fmedia&parent=13333"}],"wp:term":[{"taxonomy":"category","embeddable":true,"href":"https:\/\/pasaenmendoza.com\/index.php?rest_route=%2Fwp%2Fv2%2Fcategories&post=13333"},{"taxonomy":"post_tag","embeddable":true,"href":"https:\/\/pasaenmendoza.com\/index.php?rest_route=%2Fwp%2Fv2%2Ftags&post=13333"}],"curies":[{"name":"wp","href":"https:\/\/api.w.org\/{rel}","templated":true}]}}