{"id":13342,"date":"2025-06-06T00:16:30","date_gmt":"2025-06-05T22:16:30","guid":{"rendered":"https:\/\/pasaenmendoza.com\/?p=13342"},"modified":"2025-06-06T00:16:31","modified_gmt":"2025-06-05T22:16:31","slug":"con-votos-de-cobos-aveiro-bermejo-paponet-y-arrieta-diputados-aprobo-el-aumento-a-jubilados","status":"publish","type":"post","link":"https:\/\/pasaenmendoza.com\/?p=13342","title":{"rendered":"Con votos de Cobos, Aveiro, Bermejo, Paponet y Arrieta Diputados aprob\u00f3 el aumento a jubilados"},"content":{"rendered":"\n<p>Por 142 votos contra 67 y 20 abstenciones, la\u00a0<strong>C\u00e1mara de Diputados de la Naci\u00f3n<\/strong>\u00a0aprob\u00f3 este mi\u00e9rcoles por la noche un aumento del\u00a0<strong>7,2% para jubilados y pensionados\u00a0y el incremento del bono de $70.000 a $110.000.<\/strong><\/p>\n\n\n\n<p>Tras m\u00e1s de seis horas de debate, de los diez diputados mendocinos cinco votaron a favor: los peronistas<strong>\u00a0Mart\u00edn Aveiro, Adolfo Bermejo y Liliana Paponet<\/strong>; el radical<strong>\u00a0Julio Cobos\u00a0<\/strong>y la \u00bfex? libertaria\u00a0<strong>Lourdes Arrieta<\/strong>, del monobloque Transformaci\u00f3n. Los otros dos radicales\u00a0<strong>-Lisandro Nieri y Pamela Verasay-<\/strong>\u00a0votaron negativo.<\/p>\n\n\n\n<p>Y los tres&nbsp;<strong>libertarios<\/strong>, como se esperaba, lo hicieron en contra. Se trata de Facundo Correa Llano, Mercedes Llano y \u00c1lvaro Mart\u00ednez.<\/p>\n\n\n\n<p>Ahora el proyecto presentado por la oposici\u00f3n, ya con media sanci\u00f3n, pasa al Senado. Igualmente, desde el gobierno nacional ya se anticip\u00f3 que si la iniciativa avanza en la C\u00e1mara Alta, otra vez habr\u00e1 veto presidencial, como el a\u00f1o pasado.<\/p>\n\n\n\n<h2 class=\"wp-block-heading\">Picantes discursos de los mendocinos<\/h2>\n\n\n\n<p>De los legisladores de nuestra provincia quienes hicieron uso de la palabra fueron el oficialista<strong>&nbsp;\u00c1lvaro Mart\u00ednez,&nbsp;<\/strong>el radical&nbsp;<strong>Lisandro Nieri&nbsp;<\/strong>y la autoproclamada libertaria (ya no es de la Libertad Avanza)&nbsp;<strong>Lourdes Arrieta,<\/strong>&nbsp;que ahora integra el monobloque Transformaci\u00f3n.<\/p>\n\n\n\n<p>Para Nieri, ante lo que consider\u00f3\u00a0un seguro veto presidencial\u00a0si la iniciativa avanza tambi\u00e9n en el Senado, es necesaria otro opci\u00f3n e hizo una propuesta. Arrieta, por su parte, dispar\u00f3 con munici\u00f3n gruesa contra quienes antes de su pol\u00e9mica salida del oficialismo fueron sus compa\u00f1eros de bancada y tambi\u00e9n contra el presidente\u00a0<strong>Javier Milei y su hermana Karina. \u00c1lvaro Mart\u00ednez<\/strong>\u00a0se descarg\u00f3 contra el kirchnerismo.<\/p>\n\n\n\n<h2 class=\"wp-block-heading\">Lisandro Nieri y una propuesta para evitar el veto de Javier Milei<\/h2>\n\n\n\n<p><strong>Lisandro Nieri&nbsp;<\/strong>anticip\u00f3 una propuesta de su espacio para evitar que el proyecto de aumento a los jubilados termine, como el a\u00f1o pasado, en el<strong>&nbsp;veto presidencial.<\/strong><\/p>\n\n\n\n<p>Para Nieri, si la iniciativa de aumento, avanza en ambas c\u00e1maras y se convierte en ley, suceder\u00e1\u00a0lo mismo que ocurri\u00f3 en 2024 cuando\u00a0<strong>Javier Milei<\/strong>\u00a0dipuso el veto. Esto ya lo adelant\u00f3 el jefe de Gabinete, Guillermo Francos.<\/p>\n\n\n\n<p>Por eso el\u00a0<strong>diputado\u00a0<\/strong>de la UCR consider\u00f3 como m\u00e1s viable proponer una alternativa que no alterar\u00eda el equilibrio fiscal.<\/p>\n\n\n\n<p>El diputado nacional<strong>&nbsp;Lisandro Nieri&nbsp;<\/strong>dijo que &#8220;frente a un escenario de super\u00e1vit fiscal se podr\u00eda incorporar a la jubilaci\u00f3n el bono de $70.000. Eso les dar\u00edas m\u00e1s previsibilidad a los jubilados que ya saben -y esto es bueno- que sus salarios se actualizan por inflaci\u00f3n&#8221;.<\/p>\n\n\n\n<p>El ex ministro mendocino afirm\u00f3 que &#8220;es necesario que dejemos de ponerle parches al sistema&#8221; e hizo mucho hincapi\u00e9 en que &#8220;por lo menos la tercera parte del esfuerzo para la ca\u00edda del gasto p\u00fablico la hicieron los&nbsp;<strong>jubilados<\/strong>. Estamos de acuerdo con el equilibrio fiscal, pero no es lo mismo hacerlo de una manera que de otra&#8221;.<\/p>\n\n\n\n<p>Adem\u00e1s, en una cr\u00edtica a la gesti\u00f3n de<strong>&nbsp;Javier Milei&nbsp;<\/strong>asegur\u00f3 que &#8220;no es verdad que no hay plata.&nbsp;<strong>Plata hay y hay mucha<\/strong>. Lo que tenemos que hacer es ponernos de acuerdo para que el esfuerzo no se concentre en los&nbsp;<strong>jubilados<\/strong>&#8220;.<\/p>\n\n\n\n<p>Nieri record\u00f3 y reiter\u00f3 durante su intervenci\u00f3n que &#8220;hoy la&nbsp;<strong>jubilaci\u00f3n&nbsp;<\/strong>m\u00ednima es de $296.000 y su poder adquisitivo se cae cada vez m\u00e1s&#8221;.<\/p>\n\n\n\n<p>Fue entonces que propuso: &#8220;En un plazo de 30 d\u00edas, haciendo uso del resultado fiscal positivo y de los gastos tributarios se procure y se ponga un sendero de integraci\u00f3n del bono en la&nbsp;<strong>jubilaci\u00f3n&nbsp;<\/strong>para que sobre los $70.000 no se sigan cobrando impuestos&#8221;.<\/p>\n\n\n\n<h2 class=\"wp-block-heading\">Lourdes Arrieta recargada<\/h2>\n\n\n\n<p>La sanjuanina que es diputada nacional por Mendoza\u00a0<strong>Lourdes Arrieta<\/strong>\u00a0-ex La Libertad Avanza- cuestion\u00f3, sobre todo al oficialismo. &#8220;Nos votaron para remendar errores del pasado. Basta de echarles la culpa a los dem\u00e1s&#8221;.<\/p>\n\n\n\n<p>La representante de Transformaci\u00f3n dijo tambi\u00e9n: &#8220;Le echan la culpa a los&nbsp;<strong>jubilados<\/strong>, a los trabajadores, a los discapacitados, al personal de las Fuerzas Armadas y a los estudiantes para perpetuarse en el poder&#8221;.<\/p>\n\n\n\n<p><strong>Lourdes&nbsp;<\/strong>fue m\u00e1s all\u00e1 y dispar\u00f3: &#8220;Present\u00e9 el 8 de mayo una denuncia para que se investigue si los recursos del&nbsp;<strong>PAMI&nbsp;<\/strong>fueron a parar a las sedes partidarias de La Libertad Avanza y que se me investigue a m\u00ed misma porque fui parte de ese partido&#8221;.<\/p>\n\n\n\n<p>Asimismo exclam\u00f3&nbsp;<strong>Arrieta<\/strong>: &#8220;Los&nbsp;<strong>jubilados&nbsp;<\/strong>no son degenerados fiscales. Hay plata para la SIDE para que su director de vaya de vacaciones a Europa mientras a los jubilados no les alcanza para comprar un paracetamol&#8221;.<\/p>\n\n\n\n<h2 class=\"wp-block-heading\">\u00c1lvaro Mart\u00ednez: &#8220;Qu\u00e9 digan de d\u00f3nde saldr\u00e1n los recursos&#8221;<\/h2>\n\n\n\n<p>El lujanino&nbsp;<strong>\u00c1lvaro Mart\u00ednez,&nbsp;<\/strong>de<strong>&nbsp;La Libertad Avanza,<\/strong>&nbsp;elev\u00f3 el tono de voz para manifestar: &#8220;Hemos escuchado hasta el hartazgo decir que hay que aumentar los&nbsp;<strong>jubilaciones<\/strong>&#8220;.<\/p>\n\n\n\n<p>&#8220;Claro que queremos aumentarlas -agreg\u00f3- pero digan de d\u00f3nde van a salir los recursos. No les mientan a los jubilados como siempre lo hizo el\u00a0<strong>kirchnerismo<\/strong>&#8220;.<\/p>\n\n\n\n<p>El dirigente&nbsp;<strong>libertario&nbsp;<\/strong>asever\u00f3 que &#8220;no habr\u00e1 mejores jubilaciones sin equilibrio fiscal. Hay que respetar al que trabaja, al que cumple&#8221;.<\/p>\n\n\n\n<p>Y culmin\u00f3: &#8220;Proponemos lo que nadie propuso nunca: una reforma verdadera y para siempre del sistema previsional, no relato K. El nuestro es el&nbsp;<strong>gobierno&nbsp;<\/strong>m\u00e1s revolucionario de la historia&#8221;-.<\/p>\n\n\n\n<h2 class=\"wp-block-heading\">Llamar\u00e1n nuevamente a comisi\u00f3n por el caso $Libra<\/h2>\n\n\n\n<p>Luego de dos horas de debate hubo enfrentamiento entre oficialismo y oposici\u00f3n por la Comisi\u00f3n por la investigaci\u00f3n del caso&nbsp;<strong>$Libra<\/strong>, que investiga al presidente Javier Milei.<\/p>\n\n\n\n<p>Al no poder avanzar, acordaron un cuarto intermedio y llamar para la semana que viene a una nueva reuni\u00f3n para definir la composici\u00f3n y funcionamiento de la Comisi\u00f3n, adem\u00e1s de las autoridades encargadas llevar adelante la\u00a0<strong>investigaci\u00f3n<\/strong>.<\/p>\n\n\n\n<p><strong>Fuente: www.diariouno.com.ar<\/strong><\/p>\n","protected":false},"excerpt":{"rendered":"<p>Por 142 votos contra 67 y 20 abstenciones, la\u00a0C\u00e1mara de Diputados de la Naci\u00f3n\u00a0aprob\u00f3 este mi\u00e9rcoles por la noche un aumento del\u00a07,2% para jubilados y pensionados\u00a0y el incremento del bono de $70.000 a $110.000. Tras m\u00e1s de seis horas de debate, de los diez diputados mendocinos cinco votaron a favor: los peronistas\u00a0Mart\u00edn Aveiro, Adolfo Bermejo [&hellip;]<\/p>\n","protected":false},"author":2,"featured_media":13343,"comment_status":"open","ping_status":"open","sticky":false,"template":"","format":"standard","meta":[],"categories":[47],"tags":[],"_links":{"self":[{"href":"https:\/\/pasaenmendoza.com\/index.php?rest_route=\/wp\/v2\/posts\/13342"}],"collection":[{"href":"https:\/\/pasaenmendoza.com\/index.php?rest_route=\/wp\/v2\/posts"}],"about":[{"href":"https:\/\/pasaenmendoza.com\/index.php?rest_route=\/wp\/v2\/types\/post"}],"author":[{"embeddable":true,"href":"https:\/\/pasaenmendoza.com\/index.php?rest_route=\/wp\/v2\/users\/2"}],"replies":[{"embeddable":true,"href":"https:\/\/pasaenmendoza.com\/index.php?rest_route=%2Fwp%2Fv2%2Fcomments&post=13342"}],"version-history":[{"count":1,"href":"https:\/\/pasaenmendoza.com\/index.php?rest_route=\/wp\/v2\/posts\/13342\/revisions"}],"predecessor-version":[{"id":13344,"href":"https:\/\/pasaenmendoza.com\/index.php?rest_route=\/wp\/v2\/posts\/13342\/revisions\/13344"}],"wp:featuredmedia":[{"embeddable":true,"href":"https:\/\/pasaenmendoza.com\/index.php?rest_route=\/wp\/v2\/media\/13343"}],"wp:attachment":[{"href":"https:\/\/pasaenmendoza.com\/index.php?rest_route=%2Fwp%2Fv2%2Fmedia&parent=13342"}],"wp:term":[{"taxonomy":"category","embeddable":true,"href":"https:\/\/pasaenmendoza.com\/index.php?rest_route=%2Fwp%2Fv2%2Fcategories&post=13342"},{"taxonomy":"post_tag","embeddable":true,"href":"https:\/\/pasaenmendoza.com\/index.php?rest_route=%2Fwp%2Fv2%2Ftags&post=13342"}],"curies":[{"name":"wp","href":"https:\/\/api.w.org\/{rel}","templated":true}]}}