{"id":13345,"date":"2025-06-06T16:34:42","date_gmt":"2025-06-06T14:34:42","guid":{"rendered":"https:\/\/pasaenmendoza.com\/?p=13345"},"modified":"2025-06-06T16:34:43","modified_gmt":"2025-06-06T14:34:43","slug":"allanamientos-por-asesinatos-en-el-barrio-santa-teresita-de-las-heras","status":"publish","type":"post","link":"https:\/\/pasaenmendoza.com\/?p=13345","title":{"rendered":"Allanamientos por asesinatos en el barrio Santa Teresita de Las Heras"},"content":{"rendered":"\n<p>En el interior del&nbsp;<strong>barrio Santa Teresita y el barrio Espejo<\/strong>, del departamento de Las Heras, este viernes se realizaron m\u00faltiples&nbsp;<strong>allanamientos<\/strong>&nbsp;para dar con el paradero de delincuentes con pedido de captura, a ra\u00edz de un&nbsp;<strong>homicidio&nbsp;<\/strong>ocurrido en el mes de mayo.<\/p>\n\n\n\n<p>Los fiscales&nbsp;<strong>Gustavo Pirrelo y Andrea Lazo<\/strong>&nbsp;trabajaron en el lugar. Seg\u00fan la informaci\u00f3n a la que accedi\u00f3<em>&nbsp;El Sol<\/em>, el resultado del operativo const\u00f3 en<strong>&nbsp;9 aprehensiones<\/strong>&nbsp;que est\u00e1n vinculados con las distintas causas que se encuentran abiertas.<\/p>\n\n\n\n<p>El procedimiento inici\u00f3 cerca de las 5.30 de la madrugada y cont\u00f3 con personal de la\u00a0<strong>Unidad VANT<\/strong>\u00a0que contaron con drones para monitorear la zona donde se realiz\u00f3 el operativo.<\/p>\n\n\n\n<p>Tambi\u00e9n hubo secuestro de armas de fuego tumberas y drogas, entre otros elementos. El jefe de la Polic\u00eda, Marcelo Calipo, destac\u00f3:&nbsp;<em><strong>\u201cEn un domicilio secuestramos m\u00e1s de 50 nudos de coca\u00edna. Se investigar\u00e1 el proceder de esa sustancia, se le dio intervenci\u00f3n a la Justicia Federal en ese sentido\u201d.<\/strong><\/em><\/p>\n\n\n\n<p>\u201c<strong><em>Ya son 9 las personas que quedaron detenidas y a disposici\u00f3n de la Justicia, caer\u00e1 todo el peso de la ley sobre ellos. Ten\u00edamos dos personas con pedido de captura<\/em><\/strong>\u201c, coment\u00f3 Calipo.<\/p>\n\n\n\n<p><strong>Fuente: www.elsol.com.ar<\/strong><\/p>\n","protected":false},"excerpt":{"rendered":"<p>En el interior del&nbsp;barrio Santa Teresita y el barrio Espejo, del departamento de Las Heras, este viernes se realizaron m\u00faltiples&nbsp;allanamientos&nbsp;para dar con el paradero de delincuentes con pedido de captura, a ra\u00edz de un&nbsp;homicidio&nbsp;ocurrido en el mes de mayo. Los fiscales&nbsp;Gustavo Pirrelo y Andrea Lazo&nbsp;trabajaron en el lugar. Seg\u00fan la informaci\u00f3n a la que accedi\u00f3&nbsp;El [&hellip;]<\/p>\n","protected":false},"author":2,"featured_media":13346,"comment_status":"open","ping_status":"open","sticky":false,"template":"","format":"standard","meta":[],"categories":[48],"tags":[],"_links":{"self":[{"href":"https:\/\/pasaenmendoza.com\/index.php?rest_route=\/wp\/v2\/posts\/13345"}],"collection":[{"href":"https:\/\/pasaenmendoza.com\/index.php?rest_route=\/wp\/v2\/posts"}],"about":[{"href":"https:\/\/pasaenmendoza.com\/index.php?rest_route=\/wp\/v2\/types\/post"}],"author":[{"embeddable":true,"href":"https:\/\/pasaenmendoza.com\/index.php?rest_route=\/wp\/v2\/users\/2"}],"replies":[{"embeddable":true,"href":"https:\/\/pasaenmendoza.com\/index.php?rest_route=%2Fwp%2Fv2%2Fcomments&post=13345"}],"version-history":[{"count":1,"href":"https:\/\/pasaenmendoza.com\/index.php?rest_route=\/wp\/v2\/posts\/13345\/revisions"}],"predecessor-version":[{"id":13347,"href":"https:\/\/pasaenmendoza.com\/index.php?rest_route=\/wp\/v2\/posts\/13345\/revisions\/13347"}],"wp:featuredmedia":[{"embeddable":true,"href":"https:\/\/pasaenmendoza.com\/index.php?rest_route=\/wp\/v2\/media\/13346"}],"wp:attachment":[{"href":"https:\/\/pasaenmendoza.com\/index.php?rest_route=%2Fwp%2Fv2%2Fmedia&parent=13345"}],"wp:term":[{"taxonomy":"category","embeddable":true,"href":"https:\/\/pasaenmendoza.com\/index.php?rest_route=%2Fwp%2Fv2%2Fcategories&post=13345"},{"taxonomy":"post_tag","embeddable":true,"href":"https:\/\/pasaenmendoza.com\/index.php?rest_route=%2Fwp%2Fv2%2Ftags&post=13345"}],"curies":[{"name":"wp","href":"https:\/\/api.w.org\/{rel}","templated":true}]}}