{"id":13351,"date":"2025-06-06T16:52:35","date_gmt":"2025-06-06T14:52:35","guid":{"rendered":"https:\/\/pasaenmendoza.com\/?p=13351"},"modified":"2025-06-06T16:52:36","modified_gmt":"2025-06-06T14:52:36","slug":"el-gobierno-transfirio-un-millonario-aporte-extraordinario-para-impulsar-el-desarrollo-vitivinicola","status":"publish","type":"post","link":"https:\/\/pasaenmendoza.com\/?p=13351","title":{"rendered":"El Gobierno transfiri\u00f3 un millonario aporte extraordinario para impulsar el desarrollo vitivin\u00edcola"},"content":{"rendered":"\n<p>El Gobierno de Mendoza oficializ\u00f3 un&nbsp;<strong>aporte extraordinario de $3.000 millones al Fondo para la Transformaci\u00f3n y el Crecimiento (FTyC)<\/strong>. La medida fue dispuesta mediante el&nbsp;<strong>Decreto N\u00b0 1189<\/strong>, firmado el 30 de mayo por el gobernador&nbsp;<strong>Alfredo Cornejo<\/strong>, y publicado en el Bolet\u00edn Oficial de este viernes.<\/p>\n\n\n\n<p>La inversi\u00f3n apunta directamente a\u00a0<strong>impulsar el desarrollo de la cadena vitivin\u00edcola<\/strong>, una actividad clave en la estructura productiva mendocina. De acuerdo con el texto del decreto, el monto se destinar\u00e1 principalmente a\u00a0<strong>financiar una l\u00ednea de cr\u00e9dito para cosecha, acarreo y elaboraci\u00f3n de productos vitivin\u00edcolas<\/strong>, etapas esenciales que requieren asistencia financiera para sostener calidad y competitividad.<\/p>\n\n\n\n<p>Adem\u00e1s del cr\u00e9dito, la medida prev\u00e9\u00a0<strong>el otorgamiento de subsidios a la tasa de inter\u00e9s<\/strong>, lo que representa un alivio directo para productores y bodegueros. Esta herramienta tiene como finalidad\u00a0<strong>abaratar el costo financiero<\/strong>\u00a0y fomentar la inversi\u00f3n productiva en el sector.<\/p>\n\n\n\n<p>El&nbsp;<strong>Ministerio de Producci\u00f3n de Mendoza<\/strong>, a cargo de&nbsp;<strong>Rodolfo Vargas Arizu<\/strong>, ser\u00e1 el responsable de definir programas adicionales que tambi\u00e9n podr\u00e1n ser financiados con estos fondos, ampliando el alcance del plan seg\u00fan las necesidades que presente la industria.<\/p>\n\n\n\n<p>La iniciativa se apoya en la\u00a0<strong>Ley N\u00b0 9497<\/strong>, que autoriza al Ejecutivo a capitalizar el Fondo y a integrar fideicomisos administrados por\u00a0<strong>Mendoza Fiduciaria S.A.<\/strong>\u00a0Tambi\u00e9n cuenta con sustento en la\u00a0<strong>Ley N\u00b0 9601<\/strong>\u00a0y en el\u00a0<strong>Decreto Acuerdo N\u00b0 811\/2025<\/strong>, que regulan aspectos administrativos y presupuestarios para este tipo de operaciones.<\/p>\n\n\n\n<p>El financiamiento ser\u00e1 atendido por la&nbsp;<strong>Tesorer\u00eda General de la Provincia<\/strong>, con cargo a una cuenta espec\u00edfica del presupuesto 2025. De esta manera, el desembolso se realizar\u00e1 con recursos provinciales y sin recurrir a endeudamiento.<\/p>\n\n\n\n<p>El decreto, refrendado tambi\u00e9n por el&nbsp;<strong>ministro de Hacienda y Finanzas, V\u00edctor Fayad<\/strong>, instruye a comunicar la medida a la&nbsp;<strong>Administradora Provincial del Fondo<\/strong>, para garantizar la correcta aplicaci\u00f3n de los recursos.<\/p>\n\n\n\n<p>Con esta medida, el Ejecutivo provincial busca\u00a0<strong>reforzar el financiamiento productivo en un contexto complejo para la econom\u00eda<\/strong>, ofreciendo respaldo concreto a un sector emblem\u00e1tico que representa tanto actividad econ\u00f3mica como identidad para Mendoza.<\/p>\n\n\n\n<p><strong>Fuente: www.elsol.com.ar<\/strong><\/p>\n","protected":false},"excerpt":{"rendered":"<p>El Gobierno de Mendoza oficializ\u00f3 un&nbsp;aporte extraordinario de $3.000 millones al Fondo para la Transformaci\u00f3n y el Crecimiento (FTyC). La medida fue dispuesta mediante el&nbsp;Decreto N\u00b0 1189, firmado el 30 de mayo por el gobernador&nbsp;Alfredo Cornejo, y publicado en el Bolet\u00edn Oficial de este viernes. La inversi\u00f3n apunta directamente a\u00a0impulsar el desarrollo de la cadena [&hellip;]<\/p>\n","protected":false},"author":2,"featured_media":13352,"comment_status":"open","ping_status":"open","sticky":false,"template":"","format":"standard","meta":[],"categories":[75,87],"tags":[],"_links":{"self":[{"href":"https:\/\/pasaenmendoza.com\/index.php?rest_route=\/wp\/v2\/posts\/13351"}],"collection":[{"href":"https:\/\/pasaenmendoza.com\/index.php?rest_route=\/wp\/v2\/posts"}],"about":[{"href":"https:\/\/pasaenmendoza.com\/index.php?rest_route=\/wp\/v2\/types\/post"}],"author":[{"embeddable":true,"href":"https:\/\/pasaenmendoza.com\/index.php?rest_route=\/wp\/v2\/users\/2"}],"replies":[{"embeddable":true,"href":"https:\/\/pasaenmendoza.com\/index.php?rest_route=%2Fwp%2Fv2%2Fcomments&post=13351"}],"version-history":[{"count":1,"href":"https:\/\/pasaenmendoza.com\/index.php?rest_route=\/wp\/v2\/posts\/13351\/revisions"}],"predecessor-version":[{"id":13353,"href":"https:\/\/pasaenmendoza.com\/index.php?rest_route=\/wp\/v2\/posts\/13351\/revisions\/13353"}],"wp:featuredmedia":[{"embeddable":true,"href":"https:\/\/pasaenmendoza.com\/index.php?rest_route=\/wp\/v2\/media\/13352"}],"wp:attachment":[{"href":"https:\/\/pasaenmendoza.com\/index.php?rest_route=%2Fwp%2Fv2%2Fmedia&parent=13351"}],"wp:term":[{"taxonomy":"category","embeddable":true,"href":"https:\/\/pasaenmendoza.com\/index.php?rest_route=%2Fwp%2Fv2%2Fcategories&post=13351"},{"taxonomy":"post_tag","embeddable":true,"href":"https:\/\/pasaenmendoza.com\/index.php?rest_route=%2Fwp%2Fv2%2Ftags&post=13351"}],"curies":[{"name":"wp","href":"https:\/\/api.w.org\/{rel}","templated":true}]}}