{"id":13354,"date":"2025-06-06T17:00:16","date_gmt":"2025-06-06T15:00:16","guid":{"rendered":"https:\/\/pasaenmendoza.com\/?p=13354"},"modified":"2025-06-06T17:00:18","modified_gmt":"2025-06-06T15:00:18","slug":"la-respuesta-del-gobierno-a-una-moratoria-impositiva-para-los-comerciantes-de-mendoza","status":"publish","type":"post","link":"https:\/\/pasaenmendoza.com\/?p=13354","title":{"rendered":"La respuesta del Gobierno a una moratoria impositiva para los comerciantes de Mendoza"},"content":{"rendered":"\n<p>Empresarios y sindicalistas del sector comercial de Mendoza buscan una reuni\u00f3n con el Gobierno de Mendoza debido a la crisis que atraviesa el sector y ya adelantaron que quieren pedir a&nbsp;<strong>Alfredo Cornejo&nbsp;<\/strong>una&nbsp;<strong>moratoria impositiva.<\/strong>&nbsp;Sin embargo, desde el Ejecutivo aseguraron que la presi\u00f3n fiscal viene bajando y que reci\u00e9n en la discusi\u00f3n presupuestaria para 2026 se ver\u00e1 si hay un margen para seguir bajando impuestos.<\/p>\n\n\n\n<p>La situaci\u00f3n del comercio local salt\u00f3 tras una reuni\u00f3n entre empresarios y el Centro de los Empleados de Comercio. En esa instancia,\u00a0<strong>Adolfo Tr\u00edpodi\u00a0<\/strong>de la Federaci\u00f3n Econ\u00f3mica de Mendoza asegur\u00f3 que quieren pedirle al gobernador cambios en el esquema impositivo de la provincia para bajar la presi\u00f3n tributaria a las pymes locales.<\/p>\n\n\n\n<p>Esta posibilidad fue<strong>&nbsp;descartada&nbsp;<\/strong>por el ministro de Hacienda de Mendoza,<strong>&nbsp;V\u00edctor Fayad,&nbsp;<\/strong>quien indic\u00f3 que las pymes \u201c<em>ya tienen la carga impositiva diferente de las medianas y grandes (<\/em>empresas<em>) desde el 2023\u2033<\/em>.<\/p>\n\n\n\n<p>Adem\u00e1s<strong>, adelant\u00f3 que&nbsp;<em>\u201cpara la ley impositiva del a\u00f1o que viene se analizar\u00e1 cu\u00e1nto espacio fiscal hay para continuar con las rebajas de al\u00edcuotas\u201d<\/em><\/strong>&nbsp;y agreg\u00f3 que&nbsp;<em>\u201cla carga impositiva viene bajando en l\u00ednea con el gasto\u201d<\/em>.<\/p>\n\n\n\n<p>Esta discusi\u00f3n que se\u00f1ala el titular de la cartera de Hacienda tiene que ver con las leyes de Presupuesto e Impositiva. La segunda es, precisamente, la que fija cu\u00e1nto percibir\u00e1 el Estado provincial por los impuestos que cobra a los contribuyentes, como Automotor e Inmobiliario, entre otros. Esa ventana reci\u00e9n se abrir\u00e1 a fin de a\u00f1o.<\/p>\n\n\n\n<p>Fayad tambi\u00e9n descart\u00f3 que la Provincia pueda realizar, como pidieron los empresarios, una moratoria impositiva. Sostuvo que\u00a0<em>\u201c<strong>ser\u00eda una falta de respeto\u201d<\/strong>\u00a0<\/em>hacia los contribuyentes cumplidores que \u201c<em>son la gran mayor\u00eda\u201d.<\/em><\/p>\n\n\n\n<h2 class=\"wp-block-heading\" id=\"h-vargas-arizu-tienen-que-competir\">Vargas Arizu: \u201cTienen que competir\u201d<\/h2>\n\n\n\n<p>Consultado por las quejas del sector, el ministro de Producci\u00f3n&nbsp;<strong>Rodolfo Vargas Arizu<\/strong>&nbsp;explic\u00f3 a&nbsp;<em><strong>El Sol&nbsp;<\/strong><\/em>que la recuperaci\u00f3n econ\u00f3mica \u201c<em>no es un proceso r\u00e1pido\u201d&nbsp;<\/em>m\u00e1s al entender el pa\u00eds est\u00e1 saliendo de \u201c<em>un desastre\u201d<\/em>.<\/p>\n\n\n\n<p>Pero el funcionario tambi\u00e9n apunt\u00f3 a los empresarios locales: \u201c<strong><em>Ahora hay que ver dentro de las empresas, la inflaci\u00f3n cubr\u00eda muchos defectos<\/em>\u201c<\/strong>, se\u00f1al\u00f3.<\/p>\n\n\n\n<p>Contrario a los planteos de los representantes del sector, que entienden que la competencia con Chile es inasumible en estas condiciones, Vargas Arizu indic\u00f3 que las pymes mendocinas deben<em><strong>\u00a0\u201cponer precios acordes\u201d\u00a0<\/strong><\/em>y aguantar el proceso econ\u00f3mico que busca establecer el Gobierno nacional.<\/p>\n\n\n\n<p><em>\u201c<strong>Esta vez si se ha hecho un ajuste y no va a ser en vano<\/strong>\u201c<\/em>, consider\u00f3 el titular de la cartera econ\u00f3mica.<\/p>\n\n\n\n<p><em><strong>\u201cSi vos abr\u00eds la econom\u00eda ten\u00e9s que competir<\/strong>\u201c,<\/em>\u00a0replic\u00f3 el ministro de Producci\u00f3n.<\/p>\n\n\n\n<p>Para Vargas Arizu, la queja de las c\u00e1maras empresariales se corresponde con&nbsp;<strong>el tipo de cambio actual<\/strong>. El ministro conf\u00eda en que el sistema de bandas de floraci\u00f3n \u201c<em>no se va a modificar\u201d<\/em>&nbsp;y, por esto, las pymes que<em>&nbsp;\u201cno quieren bajar para no perder\u201d<\/em>&nbsp;deber\u00e1n adecuarse.<\/p>\n\n\n\n<p>Con estas previsiones, el funcionario consider\u00f3 que\u00a0<strong><em>\u201cno todos los negocios van a seguir igual\u201d\u00a0<\/em><\/strong>y que la gran mayor\u00eda de estos\u00a0<em>\u201ctienen que asumir la perdida<\/em>\u201d para mejorar a futuro.<\/p>\n\n\n\n<p><strong>Fuente: www.elsol.com.ar<\/strong><\/p>\n","protected":false},"excerpt":{"rendered":"<p>Empresarios y sindicalistas del sector comercial de Mendoza buscan una reuni\u00f3n con el Gobierno de Mendoza debido a la crisis que atraviesa el sector y ya adelantaron que quieren pedir a&nbsp;Alfredo Cornejo&nbsp;una&nbsp;moratoria impositiva.&nbsp;Sin embargo, desde el Ejecutivo aseguraron que la presi\u00f3n fiscal viene bajando y que reci\u00e9n en la discusi\u00f3n presupuestaria para 2026 se ver\u00e1 [&hellip;]<\/p>\n","protected":false},"author":2,"featured_media":13355,"comment_status":"open","ping_status":"open","sticky":false,"template":"","format":"standard","meta":[],"categories":[47],"tags":[],"_links":{"self":[{"href":"https:\/\/pasaenmendoza.com\/index.php?rest_route=\/wp\/v2\/posts\/13354"}],"collection":[{"href":"https:\/\/pasaenmendoza.com\/index.php?rest_route=\/wp\/v2\/posts"}],"about":[{"href":"https:\/\/pasaenmendoza.com\/index.php?rest_route=\/wp\/v2\/types\/post"}],"author":[{"embeddable":true,"href":"https:\/\/pasaenmendoza.com\/index.php?rest_route=\/wp\/v2\/users\/2"}],"replies":[{"embeddable":true,"href":"https:\/\/pasaenmendoza.com\/index.php?rest_route=%2Fwp%2Fv2%2Fcomments&post=13354"}],"version-history":[{"count":1,"href":"https:\/\/pasaenmendoza.com\/index.php?rest_route=\/wp\/v2\/posts\/13354\/revisions"}],"predecessor-version":[{"id":13356,"href":"https:\/\/pasaenmendoza.com\/index.php?rest_route=\/wp\/v2\/posts\/13354\/revisions\/13356"}],"wp:featuredmedia":[{"embeddable":true,"href":"https:\/\/pasaenmendoza.com\/index.php?rest_route=\/wp\/v2\/media\/13355"}],"wp:attachment":[{"href":"https:\/\/pasaenmendoza.com\/index.php?rest_route=%2Fwp%2Fv2%2Fmedia&parent=13354"}],"wp:term":[{"taxonomy":"category","embeddable":true,"href":"https:\/\/pasaenmendoza.com\/index.php?rest_route=%2Fwp%2Fv2%2Fcategories&post=13354"},{"taxonomy":"post_tag","embeddable":true,"href":"https:\/\/pasaenmendoza.com\/index.php?rest_route=%2Fwp%2Fv2%2Ftags&post=13354"}],"curies":[{"name":"wp","href":"https:\/\/api.w.org\/{rel}","templated":true}]}}