{"id":13358,"date":"2025-06-06T23:28:45","date_gmt":"2025-06-06T21:28:45","guid":{"rendered":"https:\/\/pasaenmendoza.com\/?p=13358"},"modified":"2025-06-07T00:41:49","modified_gmt":"2025-06-06T22:41:49","slug":"conin-aumento-71-la-recaudacion-gracias-a-la-incorporacion-de-mas-de-1-000-socios","status":"publish","type":"post","link":"https:\/\/pasaenmendoza.com\/?p=13358","title":{"rendered":"CONIN aument\u00f3 71% la recaudaci\u00f3n gracias a la incorporaci\u00f3n de m\u00e1s de 1.000 socios"},"content":{"rendered":"\n<p>Despu\u00e9s de la campa\u00f1a solidaria que lanz\u00f3 la fundaci\u00f3n&nbsp;<strong>CONIN<\/strong>&nbsp;a ra\u00edz de los graves problemas financieros, logr\u00f3 sumar m\u00e1s de 1.000 socios en mayo y pagar los sueldos atrasados de marzo que le deb\u00eda a los empleados. A\u00fan les debe abril y mayo. Los nuevos voluntarios generaron un aumento de la recaudaci\u00f3n del 71%.<\/p>\n\n\n\n<p>Tras una serie de renuncias,&nbsp;<strong>CONIN<\/strong>&nbsp;se qued\u00f3 actualmente con unos 60 trabajadores, a quienes todav\u00eda les adeuda los aumentos salariales del a\u00f1o pasado. As\u00ed lo confirm\u00f3 Aldo Sura, delegado del personal, quien sum\u00f3 que&nbsp;la situaci\u00f3n que est\u00e1n atravesando es muy dif\u00edcil. De hecho, 15 profesionales de staff ya no contin\u00faan en la instituci\u00f3n.<\/p>\n\n\n\n<p>En cuanto a la&nbsp;<strong>Marat\u00f3n CONIN 2025<\/strong>, se inform\u00f3 que un empresario Mendoza se ofreci\u00f3 para hacerse cargo tanto del costo total como de la tarea operativa, liberando a la fundaci\u00f3n del aporte financiero que conlleva ese evento, como de las tareas de organizaci\u00f3n y log\u00edstica. &#8220;Esto hace posible su ejecuci\u00f3n y esperamos que implique un ingreso para CONIN sin la necesidad de una inversi\u00f3n previa&#8221;, destacaron.<\/p>\n\n\n\n<p>Tambi\u00e9n comunicaron que contin\u00faan con las gestiones con los gobiernos provincial y nacional para tratar de solventar el funcionamiento del hospitalito dedicado a la lucha contra la&nbsp;<strong>desnutrici\u00f3n infantil<\/strong>.<\/p>\n\n\n\n<p>Toda la informaci\u00f3n fue dada a conocer este viernes a los empleados de&nbsp;<strong>CONIN<\/strong>.<\/p>\n\n\n\n<h2 class=\"wp-block-heading\">La crisis financiera en CONIN<\/h2>\n\n\n\n<p>En mayo pasado, desde&nbsp;<strong>CONIN<\/strong>&nbsp;informaban sobre el cierre de algunos servicios por falta de fondos, entre ellos psicolog\u00eda, fonoaudiolog\u00eda y odontolog\u00eda. En lo que va del 2025, la fundaci\u00f3n del m\u00e9dico&nbsp;<strong>Abel Albino<\/strong>&nbsp;no recibi\u00f3 los aportes de Naci\u00f3n ni en dinero, ni tampoco en alimentos, seg\u00fan explic\u00f3 la directora m\u00e9dica, Gabriela Sabio.<\/p>\n\n\n\n<p>En Mendoza crecieron los casos de muertes por desnutrici\u00f3n:&nbsp;<strong>139 beb\u00e9s murieron&nbsp;<\/strong>al poco tiempo de nacer en el 2024. El n\u00famero hab\u00eda sido mucho menor, 111. Por eso la importancia de CONIN para revertir la mortalidad infantil en los primeros 1.000 d\u00edas de los reci\u00e9n nacidos.<\/p>\n\n\n\n<p>&#8220;En el caso de la provincia, tenemos un convenio con el Gobierno desde el 2013, pero estos fondos&nbsp;<strong>son s\u00f3lo el 7%&nbsp;<\/strong>del total de nuestro&nbsp;<strong>presupuesto<\/strong>. La mayor\u00eda de los recursos proviene del sector privado&#8221;, detall\u00f3 Sabio.<\/p>\n\n\n\n<p><strong>CONIN&nbsp;<\/strong>asiste a&nbsp;<strong>500 ni\u00f1os&nbsp;<\/strong>en distintos programas alimentarios y a<strong>&nbsp;30 madres embarazadas<\/strong>&nbsp;con desnutrici\u00f3n. Adem\u00e1s, aporta la leche de f\u00f3rmula para los beb\u00e9s que no pueden amamantar porque su progenitora tiene problemas de adicciones.<\/p>\n\n\n\n<p><strong>Fuente: www.diariouno.com.ar<\/strong><\/p>\n","protected":false},"excerpt":{"rendered":"<p>Despu\u00e9s de la campa\u00f1a solidaria que lanz\u00f3 la fundaci\u00f3n&nbsp;CONIN&nbsp;a ra\u00edz de los graves problemas financieros, logr\u00f3 sumar m\u00e1s de 1.000 socios en mayo y pagar los sueldos atrasados de marzo que le deb\u00eda a los empleados. A\u00fan les debe abril y mayo. Los nuevos voluntarios generaron un aumento de la recaudaci\u00f3n del 71%. Tras una [&hellip;]<\/p>\n","protected":false},"author":2,"featured_media":13359,"comment_status":"open","ping_status":"open","sticky":false,"template":"","format":"standard","meta":[],"categories":[50],"tags":[],"_links":{"self":[{"href":"https:\/\/pasaenmendoza.com\/index.php?rest_route=\/wp\/v2\/posts\/13358"}],"collection":[{"href":"https:\/\/pasaenmendoza.com\/index.php?rest_route=\/wp\/v2\/posts"}],"about":[{"href":"https:\/\/pasaenmendoza.com\/index.php?rest_route=\/wp\/v2\/types\/post"}],"author":[{"embeddable":true,"href":"https:\/\/pasaenmendoza.com\/index.php?rest_route=\/wp\/v2\/users\/2"}],"replies":[{"embeddable":true,"href":"https:\/\/pasaenmendoza.com\/index.php?rest_route=%2Fwp%2Fv2%2Fcomments&post=13358"}],"version-history":[{"count":2,"href":"https:\/\/pasaenmendoza.com\/index.php?rest_route=\/wp\/v2\/posts\/13358\/revisions"}],"predecessor-version":[{"id":13371,"href":"https:\/\/pasaenmendoza.com\/index.php?rest_route=\/wp\/v2\/posts\/13358\/revisions\/13371"}],"wp:featuredmedia":[{"embeddable":true,"href":"https:\/\/pasaenmendoza.com\/index.php?rest_route=\/wp\/v2\/media\/13359"}],"wp:attachment":[{"href":"https:\/\/pasaenmendoza.com\/index.php?rest_route=%2Fwp%2Fv2%2Fmedia&parent=13358"}],"wp:term":[{"taxonomy":"category","embeddable":true,"href":"https:\/\/pasaenmendoza.com\/index.php?rest_route=%2Fwp%2Fv2%2Fcategories&post=13358"},{"taxonomy":"post_tag","embeddable":true,"href":"https:\/\/pasaenmendoza.com\/index.php?rest_route=%2Fwp%2Fv2%2Ftags&post=13358"}],"curies":[{"name":"wp","href":"https:\/\/api.w.org\/{rel}","templated":true}]}}