{"id":13361,"date":"2025-06-07T00:28:16","date_gmt":"2025-06-06T22:28:16","guid":{"rendered":"https:\/\/pasaenmendoza.com\/?p=13361"},"modified":"2025-06-07T00:28:17","modified_gmt":"2025-06-06T22:28:17","slug":"salud-confirmo-5-casos-de-viruela-del-mono-los-primeros-que-se-detectan-por-contagio-a-traves-de-lesiones","status":"publish","type":"post","link":"https:\/\/pasaenmendoza.com\/?p=13361","title":{"rendered":"Salud confirm\u00f3 5 casos de viruela del mono, los primeros que se detectan por contagio a trav\u00e9s de lesiones"},"content":{"rendered":"\n<p>El Ministerio de Salud de Mendoza confirm\u00f3 5 casos de<strong>\u00a0viruela del mono<\/strong>. Se trata de tres adultos y dos menores de edad, todos integrantes de un mismo n\u00facleo familiar que viven en el Gran Mendoza. Es la primera vez que los contagios se dan por el\u00a0<strong>contacto con las lesiones<\/strong>\u00a0y no por trasmisi\u00f3n sexual.<\/p>\n\n\n\n<p><strong>Andrea Falaschi, jefa de Epidemiolog\u00eda<\/strong>, explic\u00f3 que &#8220;esta semana, a partir de&nbsp;<strong>dos casos internados&nbsp;<\/strong>en uno de los nosocomios del Gran Mendoza, lleg\u00f3 la notificaci\u00f3n de dos personas adultas que fueron confirmadas como&nbsp;<strong>viruela del mono<\/strong>\u201d.<\/p>\n\n\n\n<p>A partir de esa investigaci\u00f3n, se detectaron tres casos m\u00e1s: &#8220;Hemos confirmado recientemente&nbsp;<strong>tres casos adicionales&nbsp;<\/strong>y estamos trabajando en la investigaci\u00f3n epidemiol\u00f3gica\u201d.<\/p>\n\n\n\n<p>Los chicos asisten a un establecimiento escolar de<strong>&nbsp;Las Heras<\/strong>&nbsp;y a una escuela de&nbsp;<strong>Capital<\/strong>.<\/p>\n\n\n\n<p>Las autoridades sanitarias ya han activado los protocolos correspondientes y se encuentran monitoreando los contactos estrechos.<\/p>\n\n\n\n<p>Falaschi indic\u00f3 que los casos corresponden a un grupo de personas de la misma familia, es decir que se produjeron en un entorno de convivencia. &#8220;Se trata de<strong>&nbsp;tres pacientes adultos y dos ni\u00f1os<\/strong>&nbsp;que tienen una situaci\u00f3n de convivencia estrecha\u201d, afirm\u00f3.<\/p>\n\n\n\n<h2 class=\"wp-block-heading\">C\u00f3mo se contagia la viruela del mono<\/h2>\n\n\n\n<p>La<strong>&nbsp;viruela del mono&nbsp;<\/strong>es una enfermedad viral que se contagia por el contacto estrecho entre las personas y&nbsp;<strong>las lesiones<\/strong>&nbsp;que se producen en la piel de las pacientes. La v\u00eda m\u00e1s conocida es la sexual.<\/p>\n\n\n\n<p>Otra de las maneras de contagio es por las gotitas de&nbsp;<strong>saliva<\/strong>&nbsp;y los&nbsp;<strong>utensilios contaminados<\/strong>.<\/p>\n\n\n\n<p>Respecto a los s\u00edntomas, Falaschi explic\u00f3 que la enfermedad se presenta inicialmente con signos como \u201cfiebre, dolor de cabeza, dolor de cuerpo y ganglios inflamados\u201d, los cuales anteceden a la aparici\u00f3n de las lesiones.<\/p>\n\n\n\n<p>Las lesiones cut\u00e1neas son uno de los signos m\u00e1s caracter\u00edsticos: \u201cSon parecidas a las de la varicela. Aparecen como ves\u00edculas que se agrandan, se umbilican y forman costras\u201d, dijo Falaschi. A diferencia de la varicela, la<strong>\u00a0viruela del mono<\/strong>\u00a0es contagiosa \u201cdesde que aparece la lesi\u00f3n hasta que se cae la costra, lo cual puede durar unas tres semanas\u201d.<\/p>\n\n\n\n<p><strong>Fuente: www.diariouno.com.ar<\/strong><\/p>\n","protected":false},"excerpt":{"rendered":"<p>El Ministerio de Salud de Mendoza confirm\u00f3 5 casos de\u00a0viruela del mono. Se trata de tres adultos y dos menores de edad, todos integrantes de un mismo n\u00facleo familiar que viven en el Gran Mendoza. Es la primera vez que los contagios se dan por el\u00a0contacto con las lesiones\u00a0y no por trasmisi\u00f3n sexual. Andrea Falaschi, [&hellip;]<\/p>\n","protected":false},"author":2,"featured_media":13362,"comment_status":"open","ping_status":"open","sticky":false,"template":"","format":"standard","meta":[],"categories":[58],"tags":[],"_links":{"self":[{"href":"https:\/\/pasaenmendoza.com\/index.php?rest_route=\/wp\/v2\/posts\/13361"}],"collection":[{"href":"https:\/\/pasaenmendoza.com\/index.php?rest_route=\/wp\/v2\/posts"}],"about":[{"href":"https:\/\/pasaenmendoza.com\/index.php?rest_route=\/wp\/v2\/types\/post"}],"author":[{"embeddable":true,"href":"https:\/\/pasaenmendoza.com\/index.php?rest_route=\/wp\/v2\/users\/2"}],"replies":[{"embeddable":true,"href":"https:\/\/pasaenmendoza.com\/index.php?rest_route=%2Fwp%2Fv2%2Fcomments&post=13361"}],"version-history":[{"count":1,"href":"https:\/\/pasaenmendoza.com\/index.php?rest_route=\/wp\/v2\/posts\/13361\/revisions"}],"predecessor-version":[{"id":13363,"href":"https:\/\/pasaenmendoza.com\/index.php?rest_route=\/wp\/v2\/posts\/13361\/revisions\/13363"}],"wp:featuredmedia":[{"embeddable":true,"href":"https:\/\/pasaenmendoza.com\/index.php?rest_route=\/wp\/v2\/media\/13362"}],"wp:attachment":[{"href":"https:\/\/pasaenmendoza.com\/index.php?rest_route=%2Fwp%2Fv2%2Fmedia&parent=13361"}],"wp:term":[{"taxonomy":"category","embeddable":true,"href":"https:\/\/pasaenmendoza.com\/index.php?rest_route=%2Fwp%2Fv2%2Fcategories&post=13361"},{"taxonomy":"post_tag","embeddable":true,"href":"https:\/\/pasaenmendoza.com\/index.php?rest_route=%2Fwp%2Fv2%2Ftags&post=13361"}],"curies":[{"name":"wp","href":"https:\/\/api.w.org\/{rel}","templated":true}]}}