{"id":13364,"date":"2025-06-07T00:32:13","date_gmt":"2025-06-06T22:32:13","guid":{"rendered":"https:\/\/pasaenmendoza.com\/?p=13364"},"modified":"2025-06-07T00:32:14","modified_gmt":"2025-06-06T22:32:14","slug":"lujan-sacara-los-autos-abandonados-de-las-calles-y-habra-multas-de-hasta-45-000","status":"publish","type":"post","link":"https:\/\/pasaenmendoza.com\/?p=13364","title":{"rendered":"Luj\u00e1n sacar\u00e1 los autos abandonados de las calles y habr\u00e1 multas de hasta $45.000"},"content":{"rendered":"\n<p>El Concejo Deliberante de\u00a0<strong>Luj\u00e1n<\/strong>\u00a0aprob\u00f3 este jueves una ordenanza para sacar de la v\u00eda p\u00fablica los veh\u00edculos abandonados y tambi\u00e9n autopartes. De este modo la comuna que conduce\u00a0<strong>Esteban Allasino<\/strong>\u00a0sigui\u00f3 los pasos de Las Heras\u00a0y Guaymall\u00e9n que adoptaron medidas similares.<\/p>\n\n\n\n<p>En el caso de&nbsp;<strong>Luj\u00e1n&nbsp;<\/strong>la ordenanza dispone &#8220;regular la disposici\u00f3n indebida de veh\u00edculos, autopartes y residuos de origen vehicular en la v\u00eda p\u00fablica del departamento&#8221;.<\/p>\n\n\n\n<p>Adem\u00e1s de establecer procedimientos de remoci\u00f3n se aplicar\u00e1n fuertes multas que pueden llegar a ser superiores a los $45.000. Tambi\u00e9n se har\u00e1n acciones de concientizaci\u00f3n.<\/p>\n\n\n\n<h2 class=\"wp-block-heading\">Cuidado del ambiente en Luj\u00e1n<\/h2>\n\n\n\n<p>Tal como\u00a0<strong>Marcos Calvente\u00a0<\/strong>en Guaymall\u00e9n\u00a0y Francisco Lo Presti en Las Heras, lo que busca Luj\u00e1n es reforzar el cuidado del ambiente y la salud p\u00fablica. Por eso se habla en la ordenanza de prevenir focos de contaminaci\u00f3n y proliferaci\u00f3n de enfermedades.<\/p>\n\n\n\n<p>Lo que se determin\u00f3 en Luj\u00e1n es que cuando se detecte un rodado abandonado o en desuso se har\u00e1 un acta y se intimir\u00e1 al presunto titular o poseedor a que en un plazo de 15 d\u00edas h\u00e1biles lo retire. Si no lo hace la comuna se har\u00e1 cargo del &#8220;desalojo&#8221; y llevar\u00e1 el auto o autoparte a un dep\u00f3sito municipal.<\/p>\n\n\n\n<p>La intimaci\u00f3n se har\u00e1 con la colocaci\u00f3n de un cartel o aviso visible sobre el elemento detectado. All\u00ed constar\u00e1 el emplazamiento.<\/p>\n\n\n\n<p>Quienes no cumplan con la ordenanza<strong>&nbsp;tendr\u00e1n que afrontar los gastos de remoci\u00f3n, dep\u00f3sito y conservaci\u00f3n<\/strong>, adem\u00e1s de abonar la, o las multas, que se les impongan. Tambi\u00e9n deber\u00e1n pagar los da\u00f1os y perjuicios causados en la v\u00eda p\u00fablica o a terceros.<\/p>\n\n\n\n<p>Las multas por cada rueda, neum\u00e1tico o autoparte abandonada ser\u00e1n de hasta 100 unidades tributarias y por cada veh\u00edculo automotor completo abandonado, hasta 500 unidades tributarias, que tienen un valor de $93,10 cada una.<strong>&nbsp;En este \u00faltimo caso ser\u00edan $46.550.<\/strong><\/p>\n\n\n\n<p>\u201cEl objetivo es quitar de la v\u00eda p\u00fablica todo veh\u00edculo que no est\u00e9 en funcionamiento, ni en condiciones y que lleven un tiempo en desuso, ya que generan inseguridad vial y ciudadana \u201cexplic\u00f3 el autor de la iniciativa, el presidente del Concejo Deliberante,<strong>&nbsp;Andr\u00e9s Sconfienza.<\/strong><\/p>\n\n\n\n<p><strong>Esto se ven\u00eda trabajando con un C\u00f3digo de Convivencia, pero nos adelantamos en este tema que sin dudas ser\u00e1 incluido en ese c\u00f3digo<\/strong><\/p>\n\n\n\n<p>En el articulado se estipula que queda expresamente prohibida la colocaci\u00f3n, abandono o dep\u00f3sito de veh\u00edculos, partes, autopartes, neum\u00e1ticos, chatarra o cualquier otro residuo derivado de veh\u00edculos automotores en la v\u00eda p\u00fablica, espacios verdes o cualquier \u00e1rea de dominio p\u00fablico del departamento de<strong>\u00a0Luj\u00e1n de Cuyo.<\/strong><\/p>\n\n\n\n<p><strong>Fuente: www.diariouno.com.ar<\/strong><\/p>\n","protected":false},"excerpt":{"rendered":"<p>El Concejo Deliberante de\u00a0Luj\u00e1n\u00a0aprob\u00f3 este jueves una ordenanza para sacar de la v\u00eda p\u00fablica los veh\u00edculos abandonados y tambi\u00e9n autopartes. De este modo la comuna que conduce\u00a0Esteban Allasino\u00a0sigui\u00f3 los pasos de Las Heras\u00a0y Guaymall\u00e9n que adoptaron medidas similares. En el caso de&nbsp;Luj\u00e1n&nbsp;la ordenanza dispone &#8220;regular la disposici\u00f3n indebida de veh\u00edculos, autopartes y residuos de origen [&hellip;]<\/p>\n","protected":false},"author":2,"featured_media":13365,"comment_status":"open","ping_status":"open","sticky":false,"template":"","format":"standard","meta":[],"categories":[50],"tags":[],"_links":{"self":[{"href":"https:\/\/pasaenmendoza.com\/index.php?rest_route=\/wp\/v2\/posts\/13364"}],"collection":[{"href":"https:\/\/pasaenmendoza.com\/index.php?rest_route=\/wp\/v2\/posts"}],"about":[{"href":"https:\/\/pasaenmendoza.com\/index.php?rest_route=\/wp\/v2\/types\/post"}],"author":[{"embeddable":true,"href":"https:\/\/pasaenmendoza.com\/index.php?rest_route=\/wp\/v2\/users\/2"}],"replies":[{"embeddable":true,"href":"https:\/\/pasaenmendoza.com\/index.php?rest_route=%2Fwp%2Fv2%2Fcomments&post=13364"}],"version-history":[{"count":1,"href":"https:\/\/pasaenmendoza.com\/index.php?rest_route=\/wp\/v2\/posts\/13364\/revisions"}],"predecessor-version":[{"id":13366,"href":"https:\/\/pasaenmendoza.com\/index.php?rest_route=\/wp\/v2\/posts\/13364\/revisions\/13366"}],"wp:featuredmedia":[{"embeddable":true,"href":"https:\/\/pasaenmendoza.com\/index.php?rest_route=\/wp\/v2\/media\/13365"}],"wp:attachment":[{"href":"https:\/\/pasaenmendoza.com\/index.php?rest_route=%2Fwp%2Fv2%2Fmedia&parent=13364"}],"wp:term":[{"taxonomy":"category","embeddable":true,"href":"https:\/\/pasaenmendoza.com\/index.php?rest_route=%2Fwp%2Fv2%2Fcategories&post=13364"},{"taxonomy":"post_tag","embeddable":true,"href":"https:\/\/pasaenmendoza.com\/index.php?rest_route=%2Fwp%2Fv2%2Ftags&post=13364"}],"curies":[{"name":"wp","href":"https:\/\/api.w.org\/{rel}","templated":true}]}}