{"id":13372,"date":"2025-06-09T14:52:14","date_gmt":"2025-06-09T12:52:14","guid":{"rendered":"https:\/\/pasaenmendoza.com\/?p=13372"},"modified":"2025-06-09T14:52:15","modified_gmt":"2025-06-09T12:52:15","slug":"el-lunes-arranca-con-buen-tiempo-pero-con-un-leve-descenso-de-la-temperatura","status":"publish","type":"post","link":"https:\/\/pasaenmendoza.com\/?p=13372","title":{"rendered":"El lunes arranca con buen tiempo, pero con un leve descenso de la temperatura"},"content":{"rendered":"\n<p>Luego de jornadas con temperaturas en ascenso, durante esta semana las condiciones cambian. Este&nbsp;<strong>lunes<\/strong>&nbsp;estar\u00e1 algo nublado, con leve descenso de la temperatura, vientos moderados del noreste.&nbsp;<strong>La m\u00ednima ser\u00e1 de 5 grados y la m\u00e1xima de 17.<\/strong><\/p>\n\n\n\n<p>La tendencia, de acuerdo con el pronostico extendido proporcionado por la Direcci\u00f3n de Contingencias Clim\u00e1ticas, indica que&nbsp;<strong>\u201cdesde el mi\u00e9rcoles habr\u00e1 inestabilidad tanto en el llano como en cordillera\u201d.<\/strong><\/p>\n\n\n\n<p>Durante esos d\u00edas se prev\u00e9\u00a0<strong>descenso de la temperatura, probabilidad de Zonda e ingreso de un frente fr\u00edo.<\/strong><\/p>\n\n\n\n<p>Entre el mi\u00e9rcoles y el domingo, las m\u00ednimas ser\u00e1n muy bajas, no superar\u00e1n los 7 grados, en tanto, las m\u00e1ximas ascender\u00e1n a los 17.<\/p>\n\n\n\n<p><strong>Fuente: www.elsol.com.ar<\/strong><\/p>\n","protected":false},"excerpt":{"rendered":"<p>Luego de jornadas con temperaturas en ascenso, durante esta semana las condiciones cambian. Este&nbsp;lunes&nbsp;estar\u00e1 algo nublado, con leve descenso de la temperatura, vientos moderados del noreste.&nbsp;La m\u00ednima ser\u00e1 de 5 grados y la m\u00e1xima de 17. La tendencia, de acuerdo con el pronostico extendido proporcionado por la Direcci\u00f3n de Contingencias Clim\u00e1ticas, indica que&nbsp;\u201cdesde el mi\u00e9rcoles [&hellip;]<\/p>\n","protected":false},"author":2,"featured_media":13373,"comment_status":"open","ping_status":"open","sticky":false,"template":"","format":"standard","meta":[],"categories":[52],"tags":[],"_links":{"self":[{"href":"https:\/\/pasaenmendoza.com\/index.php?rest_route=\/wp\/v2\/posts\/13372"}],"collection":[{"href":"https:\/\/pasaenmendoza.com\/index.php?rest_route=\/wp\/v2\/posts"}],"about":[{"href":"https:\/\/pasaenmendoza.com\/index.php?rest_route=\/wp\/v2\/types\/post"}],"author":[{"embeddable":true,"href":"https:\/\/pasaenmendoza.com\/index.php?rest_route=\/wp\/v2\/users\/2"}],"replies":[{"embeddable":true,"href":"https:\/\/pasaenmendoza.com\/index.php?rest_route=%2Fwp%2Fv2%2Fcomments&post=13372"}],"version-history":[{"count":1,"href":"https:\/\/pasaenmendoza.com\/index.php?rest_route=\/wp\/v2\/posts\/13372\/revisions"}],"predecessor-version":[{"id":13374,"href":"https:\/\/pasaenmendoza.com\/index.php?rest_route=\/wp\/v2\/posts\/13372\/revisions\/13374"}],"wp:featuredmedia":[{"embeddable":true,"href":"https:\/\/pasaenmendoza.com\/index.php?rest_route=\/wp\/v2\/media\/13373"}],"wp:attachment":[{"href":"https:\/\/pasaenmendoza.com\/index.php?rest_route=%2Fwp%2Fv2%2Fmedia&parent=13372"}],"wp:term":[{"taxonomy":"category","embeddable":true,"href":"https:\/\/pasaenmendoza.com\/index.php?rest_route=%2Fwp%2Fv2%2Fcategories&post=13372"},{"taxonomy":"post_tag","embeddable":true,"href":"https:\/\/pasaenmendoza.com\/index.php?rest_route=%2Fwp%2Fv2%2Ftags&post=13372"}],"curies":[{"name":"wp","href":"https:\/\/api.w.org\/{rel}","templated":true}]}}