{"id":13378,"date":"2025-06-09T16:24:33","date_gmt":"2025-06-09T14:24:33","guid":{"rendered":"https:\/\/pasaenmendoza.com\/?p=13378"},"modified":"2025-06-09T16:24:34","modified_gmt":"2025-06-09T14:24:34","slug":"que-es-el-consumo-dual-en-argentina-y-de-cuanto-seria-la-inflacion-de-mayo","status":"publish","type":"post","link":"https:\/\/pasaenmendoza.com\/?p=13378","title":{"rendered":"Qu\u00e9 es el &#8220;consumo dual&#8221; en Argentina y de cu\u00e1nto ser\u00eda la inflaci\u00f3n de mayo"},"content":{"rendered":"\n<p>El periodista especializado en econom\u00eda\u00a0<strong>Ismael Berm\u00fadez<\/strong>\u00a0analiz\u00f3 este lunes en\u00a0<strong>Radio Post<\/strong>\u00a0(92.1 en el Gran Mendoza, 96.9 en Luj\u00e1n de Cuyo, 100.1 en San Mart\u00edn y 96.7 en La Paz)\u00a0 la situaci\u00f3n econ\u00f3mica del pa\u00eds.<\/p>\n\n\n\n<p>Entre los temas abordados, concentr\u00f3 la atenci\u00f3n en el&nbsp;<strong>dato de inflaci\u00f3n<\/strong>&nbsp;que se conocer\u00e1 esta semana a nivel nacional. &#8220;Todo indica que no llega al 2%, pero llega al&nbsp;<strong>1,8% o 1,9%<\/strong>, bordeando el 2%&#8221;, se\u00f1al\u00f3, y sostuvo que este panorama confirma la desaceleraci\u00f3n de los precios.<\/p>\n\n\n\n<p>Seg\u00fan explic\u00f3, hay tres factores principales detr\u00e1s de esta tendencia. En primer lugar, el consumo masivo sigue estancado: &#8220;<strong>Todos los indicadores, incluso los de las centrales empresarias, coinciden en que la gente est\u00e1 muy medida y no se est\u00e1 vendiendo<\/strong>&#8220;. Este bajo nivel de demanda interna, dijo, act\u00faa como freno a los aumentos.<\/p>\n\n\n\n<p>En segundo lugar, mencion\u00f3 el impacto de las importaciones. &#8220;<strong>Se aceleraron las compras al exterior, lo que obliga a que los productos nacionales se alineen con los precios de los importados<\/strong>&#8220;, explic\u00f3, aludiendo a la pol\u00edtica comercial del Gobierno.<\/p>\n\n\n\n<p>Por \u00faltimo, se refiri\u00f3 a la estabilidad del d\u00f3lar, otro factor que contribuye a contener la inflaci\u00f3n: &#8220;<strong>El tipo de cambio est\u00e1 con poco movimiento, lo que contribuye a contener la inflaci\u00f3n, especialmente en sectores donde los precios est\u00e1n dolarizados<\/strong>&#8220;.<\/p>\n\n\n\n<p><strong>La brecha del consumo dual<\/strong><\/p>\n\n\n\n<p>Adem\u00e1s de la evoluci\u00f3n de los precios, Berm\u00fadez advirti\u00f3 sobre un fen\u00f3meno en la econom\u00eda argentina: el\u00a0<strong>consumo dual<\/strong>. Seg\u00fan el periodista, se trata de una\u00a0<strong>divisi\u00f3n creciente entre distintos sectores sociales en relaci\u00f3n a su capacidad de consumo.<\/strong><\/p>\n\n\n\n<p>&#8220;<strong>Muchos economistas y consultoras coinciden en que hay sectores de alto poder adquisitivo que mantienen un nivel de consumo firme, impulsados por mayor acceso al cr\u00e9dito. Esto se refleja en el dinamismo de rubros como inmuebles, autom\u00f3viles y electrodom\u00e9sticos<\/strong>&#8220;, se\u00f1al\u00f3.<\/p>\n\n\n\n<p>Sin embargo, contrast\u00f3 esa situaci\u00f3n con la de los sectores de menores ingresos: &#8220;El consumo en supermercados y almacenes sigue estancado. Esta brecha creciente no es buena ni para la econom\u00eda ni para lo social&#8221;.<\/p>\n\n\n\n<p>Berm\u00fadez subray\u00f3 que la diferencia en el poder de compra se ampl\u00eda especialmente entre la clase media-alta y la clase media-baja, como as\u00ed tambi\u00e9n con quienes se encuentran cerca o por debajo de la l\u00ednea de pobreza. Este escenario, seg\u00fan el analista, profundiza una brecha econ\u00f3mica y social que puede derivar en<strong>\u00a0<\/strong>consecuencias pol\u00edticas.<\/p>\n\n\n\n<p>Por \u00faltimo, Berm\u00fadez tambi\u00e9n se refiri\u00f3 a la pol\u00edtica financiera del Gobierno en relaci\u00f3n con la\u00a0<strong>deuda externa<\/strong>\u00a0y se\u00f1al\u00f3 que se est\u00e1 promoviendo activamente la toma de cr\u00e9ditos y pr\u00e9stamos del exterior.<\/p>\n\n\n\n<p>&#8220;Llegan nuevos desembolsos del FMI y recientemente se colocaron bonos por 1.000 millones de d\u00f3lares, que ya ingresaron al Banco Central a cambio de t\u00edtulos en pesos con tasas de inter\u00e9s muy altas&#8221;, detall\u00f3.\u00a0<\/p>\n\n\n\n<p><strong>Fuente: www.mendozapost.com<\/strong><\/p>\n","protected":false},"excerpt":{"rendered":"<p>El periodista especializado en econom\u00eda\u00a0Ismael Berm\u00fadez\u00a0analiz\u00f3 este lunes en\u00a0Radio Post\u00a0(92.1 en el Gran Mendoza, 96.9 en Luj\u00e1n de Cuyo, 100.1 en San Mart\u00edn y 96.7 en La Paz)\u00a0 la situaci\u00f3n econ\u00f3mica del pa\u00eds. Entre los temas abordados, concentr\u00f3 la atenci\u00f3n en el&nbsp;dato de inflaci\u00f3n&nbsp;que se conocer\u00e1 esta semana a nivel nacional. &#8220;Todo indica que no [&hellip;]<\/p>\n","protected":false},"author":2,"featured_media":13379,"comment_status":"open","ping_status":"open","sticky":false,"template":"","format":"standard","meta":[],"categories":[75],"tags":[],"_links":{"self":[{"href":"https:\/\/pasaenmendoza.com\/index.php?rest_route=\/wp\/v2\/posts\/13378"}],"collection":[{"href":"https:\/\/pasaenmendoza.com\/index.php?rest_route=\/wp\/v2\/posts"}],"about":[{"href":"https:\/\/pasaenmendoza.com\/index.php?rest_route=\/wp\/v2\/types\/post"}],"author":[{"embeddable":true,"href":"https:\/\/pasaenmendoza.com\/index.php?rest_route=\/wp\/v2\/users\/2"}],"replies":[{"embeddable":true,"href":"https:\/\/pasaenmendoza.com\/index.php?rest_route=%2Fwp%2Fv2%2Fcomments&post=13378"}],"version-history":[{"count":1,"href":"https:\/\/pasaenmendoza.com\/index.php?rest_route=\/wp\/v2\/posts\/13378\/revisions"}],"predecessor-version":[{"id":13380,"href":"https:\/\/pasaenmendoza.com\/index.php?rest_route=\/wp\/v2\/posts\/13378\/revisions\/13380"}],"wp:featuredmedia":[{"embeddable":true,"href":"https:\/\/pasaenmendoza.com\/index.php?rest_route=\/wp\/v2\/media\/13379"}],"wp:attachment":[{"href":"https:\/\/pasaenmendoza.com\/index.php?rest_route=%2Fwp%2Fv2%2Fmedia&parent=13378"}],"wp:term":[{"taxonomy":"category","embeddable":true,"href":"https:\/\/pasaenmendoza.com\/index.php?rest_route=%2Fwp%2Fv2%2Fcategories&post=13378"},{"taxonomy":"post_tag","embeddable":true,"href":"https:\/\/pasaenmendoza.com\/index.php?rest_route=%2Fwp%2Fv2%2Ftags&post=13378"}],"curies":[{"name":"wp","href":"https:\/\/api.w.org\/{rel}","templated":true}]}}