{"id":13381,"date":"2025-06-09T16:30:51","date_gmt":"2025-06-09T14:30:51","guid":{"rendered":"https:\/\/pasaenmendoza.com\/?p=13381"},"modified":"2025-06-09T16:30:51","modified_gmt":"2025-06-09T14:30:51","slug":"mendoza-licito-un-nuevo-puente-entre-lujan-de-cuyo-y-perdriel","status":"publish","type":"post","link":"https:\/\/pasaenmendoza.com\/?p=13381","title":{"rendered":"Mendoza licit\u00f3 un nuevo puente entre Luj\u00e1n de Cuyo y Perdriel"},"content":{"rendered":"\n<p>El Gobierno de Mendoza oficializ\u00f3 el llamado a licitaci\u00f3n para la construcci\u00f3n de un nuevo puente sobre el&nbsp;<strong>R\u00edo Mendoza<\/strong>, a la altura de la&nbsp;<strong>Ruta Provincial 15<\/strong>, que conectar\u00e1 el casco urbano de&nbsp;<strong>Luj\u00e1n de Cuyo<\/strong>&nbsp;con&nbsp;<strong>Perdriel<\/strong>.<\/p>\n\n\n\n<p>Se trata de una de las obras anunciadas por el gobernador&nbsp;<strong>Alfredo Cornejo<\/strong>&nbsp;en su discurso del pasado&nbsp;<strong>1\u00b0 de mayo<\/strong>, durante la apertura de sesiones de la Asamblea Legislativa.<\/p>\n\n\n\n<p>El nuevo viaducto reemplazar\u00e1 al\u00a0<strong>puente actual<\/strong>, que fue construido en\u00a0<strong>1898<\/strong>\u00a0y que, con\u00a0<strong>127 a\u00f1os de antig\u00fcedad<\/strong>, ya no puede soportar el volumen ni el tipo de tr\u00e1nsito actual. En particular, la vieja estructura impide el paso de\u00a0<strong>camiones y colectivos<\/strong>, lo que obliga a desviar recorridos y genera un importante sobrecosto log\u00edstico para el transporte p\u00fablico y privado.<\/p>\n\n\n\n<p>Las\u00a0<strong>ofertas econ\u00f3micas<\/strong>\u00a0se conocer\u00e1n el pr\u00f3ximo\u00a0<strong>8 de julio<\/strong>, fecha establecida para la apertura de sobres. El\u00a0<strong>presupuesto oficial<\/strong>\u00a0asignado es de\u00a0<strong>$14.700 millones<\/strong>, con un\u00a0<strong>plazo de ejecuci\u00f3n de 20 meses<\/strong>.<\/p>\n\n\n\n<p>La construcci\u00f3n ser\u00e1 financiada con recursos provenientes del\u00a0<strong>Fideicomiso de Administraci\u00f3n de los Fondos por Resarcimiento de los Da\u00f1os de la Promoci\u00f3n Industrial<\/strong>, un instrumento que fue activado oficialmente el pasado viernes mediante el\u00a0<strong>Decreto N\u00b0 1159<\/strong>, tal como adelant\u00f3\u00a0<strong>El Sol<\/strong>. Este fideicomiso canaliza fondos nacionales comprometidos con Mendoza para obras clave en infraestructura vial.<\/p>\n\n\n\n<p>El nuevo puente no solo representa una obra de alto impacto para la conectividad del Gran Mendoza, sino que tambi\u00e9n implicar\u00e1 un&nbsp;<strong>ahorro significativo para el sistema de transporte p\u00fablico<\/strong>&nbsp;<strong>y log\u00edstico de esa regi\u00f3n<\/strong>. Actualmente, al no poder usar el puente viejo, las&nbsp;<strong>l\u00edneas de colectivos<\/strong>&nbsp;<strong>y camiones<\/strong>&nbsp;deben tomar desv\u00edos largos, lo que incrementa los costos operativos. Con la nueva estructura, se estima que se podr\u00e1n ahorrar&nbsp;<strong>276.000 kil\u00f3metros anuales<\/strong>&nbsp;de recorrido, lo que&nbsp;<strong>reducir\u00e1 el subsidio provincial al transporte<\/strong>, que cubre el&nbsp;<strong>80% del costo por kil\u00f3metro recorrido<\/strong>.<\/p>\n\n\n\n<p>El viaducto existente, que a\u00fan permite el cruce vehicular liviano entre Luj\u00e1n y Perdriel, es una pieza hist\u00f3rica:\u00a0<strong>fue el primer puente carretero construido en la provincia<\/strong>\u00a0y el\u00a0<strong>tercero en todo el pa\u00eds<\/strong>. Originalmente armado con\u00a0<strong>estructura met\u00e1lica y piso de madera<\/strong>, ha recibido m\u00faltiples refacciones, siendo la \u00faltima en 1990.<\/p>\n\n\n\n<p>Desde el Gobierno provincial confirmaron adem\u00e1s que\u00a0<strong>en los pr\u00f3ximos d\u00edas se lanzar\u00e1 otra licitaci\u00f3n esperada<\/strong>, correspondiente a un nuevo tramo de la\u00a0<strong>Doble V\u00eda del Este<\/strong>, entre los departamentos de\u00a0<strong>Jun\u00edn y San Mart\u00edn<\/strong>.<\/p>\n\n\n\n<p><strong>Fuente: www.elsol.com.ar<\/strong><\/p>\n","protected":false},"excerpt":{"rendered":"<p>El Gobierno de Mendoza oficializ\u00f3 el llamado a licitaci\u00f3n para la construcci\u00f3n de un nuevo puente sobre el&nbsp;R\u00edo Mendoza, a la altura de la&nbsp;Ruta Provincial 15, que conectar\u00e1 el casco urbano de&nbsp;Luj\u00e1n de Cuyo&nbsp;con&nbsp;Perdriel. Se trata de una de las obras anunciadas por el gobernador&nbsp;Alfredo Cornejo&nbsp;en su discurso del pasado&nbsp;1\u00b0 de mayo, durante la apertura [&hellip;]<\/p>\n","protected":false},"author":2,"featured_media":13382,"comment_status":"open","ping_status":"open","sticky":false,"template":"","format":"standard","meta":[],"categories":[50],"tags":[],"_links":{"self":[{"href":"https:\/\/pasaenmendoza.com\/index.php?rest_route=\/wp\/v2\/posts\/13381"}],"collection":[{"href":"https:\/\/pasaenmendoza.com\/index.php?rest_route=\/wp\/v2\/posts"}],"about":[{"href":"https:\/\/pasaenmendoza.com\/index.php?rest_route=\/wp\/v2\/types\/post"}],"author":[{"embeddable":true,"href":"https:\/\/pasaenmendoza.com\/index.php?rest_route=\/wp\/v2\/users\/2"}],"replies":[{"embeddable":true,"href":"https:\/\/pasaenmendoza.com\/index.php?rest_route=%2Fwp%2Fv2%2Fcomments&post=13381"}],"version-history":[{"count":1,"href":"https:\/\/pasaenmendoza.com\/index.php?rest_route=\/wp\/v2\/posts\/13381\/revisions"}],"predecessor-version":[{"id":13383,"href":"https:\/\/pasaenmendoza.com\/index.php?rest_route=\/wp\/v2\/posts\/13381\/revisions\/13383"}],"wp:featuredmedia":[{"embeddable":true,"href":"https:\/\/pasaenmendoza.com\/index.php?rest_route=\/wp\/v2\/media\/13382"}],"wp:attachment":[{"href":"https:\/\/pasaenmendoza.com\/index.php?rest_route=%2Fwp%2Fv2%2Fmedia&parent=13381"}],"wp:term":[{"taxonomy":"category","embeddable":true,"href":"https:\/\/pasaenmendoza.com\/index.php?rest_route=%2Fwp%2Fv2%2Fcategories&post=13381"},{"taxonomy":"post_tag","embeddable":true,"href":"https:\/\/pasaenmendoza.com\/index.php?rest_route=%2Fwp%2Fv2%2Ftags&post=13381"}],"curies":[{"name":"wp","href":"https:\/\/api.w.org\/{rel}","templated":true}]}}