{"id":13384,"date":"2025-06-10T01:21:11","date_gmt":"2025-06-09T23:21:11","guid":{"rendered":"https:\/\/pasaenmendoza.com\/?p=13384"},"modified":"2025-06-10T01:21:12","modified_gmt":"2025-06-09T23:21:12","slug":"fernandez-sagasti-viajo-para-respaldar-a-cristina-kirchner-antes-del-fallo-de-la-corte-suprema","status":"publish","type":"post","link":"https:\/\/pasaenmendoza.com\/?p=13384","title":{"rendered":"Fern\u00e1ndez Sagasti viaj\u00f3 para respaldar a Cristina Kirchner antes del fallo de la Corte Suprema"},"content":{"rendered":"\n<p>La senadora nacional por Mendoza,\u00a0<strong>Anabel Fern\u00e1ndez Sagasti<\/strong>, reafirm\u00f3 -una vez m\u00e1s- su firme respaldo a la ex presidenta\u00a0<strong>Cristina Kirchner<\/strong>\u00a0en el acto de resistencia que el\u00a0<strong>PJ<\/strong>\u00a0organiz\u00f3 para este lunes.<\/p>\n\n\n\n<p>Ante el inminente\u00a0<strong>fallo de la Corte<\/strong>\u00a0por la\u00a0<strong>causa Vialidad<\/strong>, que podr\u00eda sellar la condena de Cristina, el peronismo decidi\u00f3 responder con un acto de unidad en la sede del partido nacional en calle Matheu, del barrio porte\u00f1o de Balvanera.<\/p>\n\n\n\n<p>&#8220;Viajamos con la diputada Valentina Mor\u00e1n, que tambi\u00e9n integra el Consejo Partidario, para participar del acto de hoy, y adem\u00e1s nosotros los senadores tenemos prevista otra reuni\u00f3n con Cristina este martes a las 10.30. Entiendo que el diputado Mart\u00edn Aveiro llegar\u00e1 en las pr\u00f3ximas horas&#8221;, confirm\u00f3&nbsp;<strong>Sagasti<\/strong>, luego de llegar a Buenos Aires este lunes al mediod\u00eda.<\/p>\n\n\n\n<p>En principio, el acto que est\u00e1 organizando el senador&nbsp;<strong>Oscar Parrilli<\/strong>&nbsp;se iba a hacer en la sede del Instituto Patria, pero por cuestiones de capacidad ante la gran convocatoria de militancia que se espera, se traslad\u00f3 a la sede del PJ.<\/p>\n\n\n\n<p>Si bien el peronismo homenajea cada 9 de junio a las v\u00edctimas de los fusilamientos de Jos\u00e9 Le\u00f3n Su\u00e1rez, lo que definen como&nbsp;<strong>D\u00eda de la Resistencia Peronista<\/strong>, decidieron que en paralelo sirva para sostener la candidatura de Cristina Kirchner y respaldarla ante el esperado fallo codenatorio.<\/p>\n\n\n\n<h2 class=\"wp-block-heading\">Especulan con un inminente fallo que condene a Cristina Kirchner<\/h2>\n\n\n\n<p>El trasfondo del multitudinario acto peronista es la posibilidad de que la<strong>\u00a0Corte Suprema de Justicia<\/strong>\u00a0confirme en las pr\u00f3ximas horas la condena por corrupci\u00f3n contra\u00a0<strong>Cristina Kirchner<\/strong>\u00a0en la causa denominada Vialidad.<\/p>\n\n\n\n<p>De concretarse ese fallo, la ex presidenta quedar\u00eda inhabilitada para ser&nbsp;<strong>candidata a diputada provincial<\/strong>&nbsp;por la Tercera Secci\u00f3n Electoral, una postulaci\u00f3n que ella misma anunci\u00f3 en una entrevista televisiva.<\/p>\n\n\n\n<p>En su \u00faltimo aparici\u00f3n en p\u00fablico en Corrientes, la misma ex presidenta desafi\u00f3 a sus contrincantes pol\u00edticos cuando dispar\u00f3: \u201cSali\u00f3 el anuncio (de mi candidatura) y se desataron los demonios. Comenzaron a pedir que me metan presa&#8230; \u00bfpero si estoy tan acabada, por qu\u00e9 no me dejan competir y me derrotan pol\u00edticamente?<\/p>\n\n\n\n<p>Acto seguido les envi\u00f3 un mensaje cargado de intencionalidad pol\u00edtica:<strong>&nbsp;\u201cMe quieren presa o muerta, pero lo que nunca van a poder evitar es que vuelva el pueblo\u201d.<\/strong><\/p>\n\n\n\n<p>Es que en el seno del kichnerismo esperan que si el fallo condenatorio se concreta, pol\u00edticamente se monte todo un show que la muestre saliendo de su casa esposada y trasladada por la polic\u00eda, e incluso tras las rejas antes de que la Justicia le otorgue la&nbsp;<strong>prisi\u00f3n domiciliaria<\/strong>&nbsp;que le corresponder\u00eda tener porque ya cumple con la edad para solicitarla. Hay que recordar que la ex presidenta ya tiene 72 a\u00f1os y la edad m\u00ednima para solicitar ese beneficio es tener m\u00e1s de 70 a\u00f1os.<\/p>\n\n\n\n<p>Aunque se espera que la Corte se pronuncie entre el lunes y el martes, fuentes judiciales deslizaron que la decisi\u00f3n podr\u00eda postergarse para evitar que los tiempos procesales parezcan alineados con el calendario pol\u00edtico.<\/p>\n\n\n\n<p>Los jueces Horacio Rosatti, Carlos Rosenkrantz y Ricardo Lorenzetti eval\u00faan si rechazan la queja presentada por los abogados de Kirchner, lo que dejar\u00eda firme la condena dictada por el Tribunal Oral Federal N\u00b02.<\/p>\n\n\n\n<p><strong>Fuente: www.diariouno.com.ar<\/strong><\/p>\n","protected":false},"excerpt":{"rendered":"<p>La senadora nacional por Mendoza,\u00a0Anabel Fern\u00e1ndez Sagasti, reafirm\u00f3 -una vez m\u00e1s- su firme respaldo a la ex presidenta\u00a0Cristina Kirchner\u00a0en el acto de resistencia que el\u00a0PJ\u00a0organiz\u00f3 para este lunes. Ante el inminente\u00a0fallo de la Corte\u00a0por la\u00a0causa Vialidad, que podr\u00eda sellar la condena de Cristina, el peronismo decidi\u00f3 responder con un acto de unidad en la sede [&hellip;]<\/p>\n","protected":false},"author":2,"featured_media":13385,"comment_status":"open","ping_status":"open","sticky":false,"template":"","format":"standard","meta":[],"categories":[47],"tags":[],"_links":{"self":[{"href":"https:\/\/pasaenmendoza.com\/index.php?rest_route=\/wp\/v2\/posts\/13384"}],"collection":[{"href":"https:\/\/pasaenmendoza.com\/index.php?rest_route=\/wp\/v2\/posts"}],"about":[{"href":"https:\/\/pasaenmendoza.com\/index.php?rest_route=\/wp\/v2\/types\/post"}],"author":[{"embeddable":true,"href":"https:\/\/pasaenmendoza.com\/index.php?rest_route=\/wp\/v2\/users\/2"}],"replies":[{"embeddable":true,"href":"https:\/\/pasaenmendoza.com\/index.php?rest_route=%2Fwp%2Fv2%2Fcomments&post=13384"}],"version-history":[{"count":1,"href":"https:\/\/pasaenmendoza.com\/index.php?rest_route=\/wp\/v2\/posts\/13384\/revisions"}],"predecessor-version":[{"id":13386,"href":"https:\/\/pasaenmendoza.com\/index.php?rest_route=\/wp\/v2\/posts\/13384\/revisions\/13386"}],"wp:featuredmedia":[{"embeddable":true,"href":"https:\/\/pasaenmendoza.com\/index.php?rest_route=\/wp\/v2\/media\/13385"}],"wp:attachment":[{"href":"https:\/\/pasaenmendoza.com\/index.php?rest_route=%2Fwp%2Fv2%2Fmedia&parent=13384"}],"wp:term":[{"taxonomy":"category","embeddable":true,"href":"https:\/\/pasaenmendoza.com\/index.php?rest_route=%2Fwp%2Fv2%2Fcategories&post=13384"},{"taxonomy":"post_tag","embeddable":true,"href":"https:\/\/pasaenmendoza.com\/index.php?rest_route=%2Fwp%2Fv2%2Ftags&post=13384"}],"curies":[{"name":"wp","href":"https:\/\/api.w.org\/{rel}","templated":true}]}}