{"id":13387,"date":"2025-06-10T01:23:59","date_gmt":"2025-06-09T23:23:59","guid":{"rendered":"https:\/\/pasaenmendoza.com\/?p=13387"},"modified":"2025-06-10T01:25:14","modified_gmt":"2025-06-09T23:25:14","slug":"docentes-recibieron-con-disconformidad-la-propuesta-de-aumento-salarial-del-gobierno","status":"publish","type":"post","link":"https:\/\/pasaenmendoza.com\/?p=13387","title":{"rendered":"Docentes recibieron con disconformidad la propuesta de aumento salarial del Gobierno"},"content":{"rendered":"\n<p>El Gobierno comenz\u00f3 una nueva ronda paritaria con una oferta del 1,2% de aumento mensual para los&nbsp;<strong>docentes&nbsp;<\/strong>y celadores representados por el Sindicato Unido de Trabajadores de la Educaci\u00f3n (<strong>SUTE<\/strong>).<\/p>\n\n\n\n<p>La&nbsp;<strong>propuesta salarial<\/strong>&nbsp;incluye julio, agosto, septiembre, octubre, noviembre y diciembre; y tiene en cuenta la proyecci\u00f3n posible de la inflaci\u00f3n para esos meses.<\/p>\n\n\n\n<p>El planteo del&nbsp;<strong>cuerpo paritario<\/strong>&nbsp;no da respuesta al reclamo del gremio&nbsp;<strong>docente<\/strong>, que pretend\u00eda que el aumento, adem\u00e1s de que siga la inflaci\u00f3n, incluyera tambi\u00e9n el desfasaje entre lo que se percibi\u00f3 hasta abril y la inflaci\u00f3n acumulada \u2013m\u00e1s la que podr\u00eda arrojar la de mayo.<\/p>\n\n\n\n<h2 class=\"wp-block-heading\"><strong>Paritaria docente: la oferta del Gobierno<\/strong><\/h2>\n\n\n\n<p>En la \u00faltima paritaria, los&nbsp;<strong>docentes<\/strong>&nbsp;acordaron aumentos del 13% para el primer semestre del a\u00f1o: en marzo 7%, en abril 2,5%, en mayo 2% y en junio 1,5%.<\/p>\n\n\n\n<p>Para lo que sigue, seg\u00fan supo tras la reuni\u00f3n, el Gobierno ofert\u00f3 un\u00a0<strong>aumento<\/strong>\u00a0del 1,2% mensual de julio a diciembre, con base al mes de junio.<\/p>\n\n\n\n<p>&#8220;En esta primera reuni\u00f3n hemos recibido propuestas y observaciones. Mantendremos reuniones t\u00e9cnicas y retomaremos la audiencia el martes pr\u00f3ximo\u201d, expres\u00f3 la directora provincial de Recursos Humanos, Mariana Lima.<\/p>\n\n\n\n<p>La&nbsp;<strong>paritaria&nbsp;<\/strong>pas\u00f3 a cuarto intermedio.<\/p>\n\n\n\n<h2 class=\"wp-block-heading\"><strong>El reclamo docente<\/strong><\/h2>\n\n\n\n<p>\u201cHay que recordar que cobramos un 7% y la inflaci\u00f3n acumulada hasta abril fue del 8,6%. Hemos perdido m\u00e1s de dos puntos\u201d, expres\u00f3 en la previa el secretario del&nbsp;<strong>SUTE<\/strong>&nbsp;Gustavo Correa; disconforme ahora no solo con lo previsto para el primer semestre sino tambi\u00e9n con lo ofrecido por el Gobierno para los segundos seis meses del a\u00f1o.<\/p>\n\n\n\n<p>Adem\u00e1s, el planteo de los&nbsp;<strong>docentes<\/strong>&nbsp;incluy\u00f3 una queja por falta de pago del \u00edtem arraigo: &#8220;Hemos percibido que ese \u00edtem no se pag\u00f3 en las escuelas fusionadas de CEBJA y CENS, en suplencias de mayor jerarqu\u00eda y tambi\u00e9n a algunos enfermos oncol\u00f3gicos, entre otros&#8221;.<\/p>\n\n\n\n<p><strong>Fuente: www.diariouno.com.ar<\/strong><\/p>\n","protected":false},"excerpt":{"rendered":"<p>El Gobierno comenz\u00f3 una nueva ronda paritaria con una oferta del 1,2% de aumento mensual para los&nbsp;docentes&nbsp;y celadores representados por el Sindicato Unido de Trabajadores de la Educaci\u00f3n (SUTE). La&nbsp;propuesta salarial&nbsp;incluye julio, agosto, septiembre, octubre, noviembre y diciembre; y tiene en cuenta la proyecci\u00f3n posible de la inflaci\u00f3n para esos meses. El planteo del&nbsp;cuerpo paritario&nbsp;no [&hellip;]<\/p>\n","protected":false},"author":2,"featured_media":13388,"comment_status":"open","ping_status":"open","sticky":false,"template":"","format":"standard","meta":[],"categories":[56],"tags":[],"_links":{"self":[{"href":"https:\/\/pasaenmendoza.com\/index.php?rest_route=\/wp\/v2\/posts\/13387"}],"collection":[{"href":"https:\/\/pasaenmendoza.com\/index.php?rest_route=\/wp\/v2\/posts"}],"about":[{"href":"https:\/\/pasaenmendoza.com\/index.php?rest_route=\/wp\/v2\/types\/post"}],"author":[{"embeddable":true,"href":"https:\/\/pasaenmendoza.com\/index.php?rest_route=\/wp\/v2\/users\/2"}],"replies":[{"embeddable":true,"href":"https:\/\/pasaenmendoza.com\/index.php?rest_route=%2Fwp%2Fv2%2Fcomments&post=13387"}],"version-history":[{"count":2,"href":"https:\/\/pasaenmendoza.com\/index.php?rest_route=\/wp\/v2\/posts\/13387\/revisions"}],"predecessor-version":[{"id":13390,"href":"https:\/\/pasaenmendoza.com\/index.php?rest_route=\/wp\/v2\/posts\/13387\/revisions\/13390"}],"wp:featuredmedia":[{"embeddable":true,"href":"https:\/\/pasaenmendoza.com\/index.php?rest_route=\/wp\/v2\/media\/13388"}],"wp:attachment":[{"href":"https:\/\/pasaenmendoza.com\/index.php?rest_route=%2Fwp%2Fv2%2Fmedia&parent=13387"}],"wp:term":[{"taxonomy":"category","embeddable":true,"href":"https:\/\/pasaenmendoza.com\/index.php?rest_route=%2Fwp%2Fv2%2Fcategories&post=13387"},{"taxonomy":"post_tag","embeddable":true,"href":"https:\/\/pasaenmendoza.com\/index.php?rest_route=%2Fwp%2Fv2%2Ftags&post=13387"}],"curies":[{"name":"wp","href":"https:\/\/api.w.org\/{rel}","templated":true}]}}