{"id":13397,"date":"2025-06-10T23:50:49","date_gmt":"2025-06-10T21:50:49","guid":{"rendered":"https:\/\/pasaenmendoza.com\/?p=13397"},"modified":"2025-06-10T23:50:50","modified_gmt":"2025-06-10T21:50:50","slug":"el-peronismo-mendocino-convoco-a-una-manifestacion-contra-la-proscripcion-de-cristina","status":"publish","type":"post","link":"https:\/\/pasaenmendoza.com\/?p=13397","title":{"rendered":"El peronismo mendocino convoc\u00f3 a una manifestaci\u00f3n &#8220;contra la proscripci\u00f3n de Cristina&#8221;"},"content":{"rendered":"\n<p>El\u00a0<strong>peronismo mendocino<\/strong>\u00a0llam\u00f3 este martes a movilizarse &#8220;contra la proscripci\u00f3n a\u00a0<strong>Cristina Kirchner<\/strong>&#8221; para este martes a las 17 en el edificio de Tribunales Federales, ante el\u00a0inminente fallo de la Corte Suprema\u00a0que definir\u00e1 el futuro judicial de la ex presidenta. Casi a la misma hora se confirm\u00f3 la condena a prisi\u00f3n a seis a\u00f1os contra la ex presidenta.<\/p>\n\n\n\n<p>&#8220;La democracia est\u00e1 en peligro&#8221;, dec\u00eda el comunicado que compartieron militantes mendocinos. Sin embargo, fueron muy pocos los que fueron a respaldar a&nbsp;<strong>Cristina Kirchner<\/strong>&nbsp;al edificio ubicado en calle Espa\u00f1a y casi Pedro Molina de Ciudad. Entre ellos dirigentes como la ex diputada nacional Marisa Uceda, el ex legislador provincial Lucas Ilardo y la intendenta de Santa Rosa, Flor Dest\u00e9fanis.<\/p>\n\n\n\n<p>La convocatoria se replic\u00f3 en varias provincias del pa\u00eds. En Buenos Aires, gremios, militantes pol\u00edticos e independientes bloquearon la Panamericana, Acceso Oeste, y la Autopista La Plata Bs As y Richieri. Cristina esper\u00f3 el fallo en la sede del Partido Justicialista Nacional.<\/p>\n\n\n\n<p>Los jueces de la Corte Suprema resolvieron de forma un\u00e1nime el recurso de queja presentado por Cristina Kirchner a la sentencia de la C\u00e1mara Federal de Casaci\u00f3n Penal que ratific\u00f3 su&nbsp;<strong>condena a seis a\u00f1os de c\u00e1rcel<\/strong>&nbsp;y la&nbsp;<strong>inhabilitaci\u00f3n perpetua para ejercer cargos p\u00fablicos<\/strong>.<\/p>\n\n\n\n<p>La causa fue denominada medi\u00e1ticamente como &#8220;Vialidad&#8221; e investig\u00f3 las obras viales en Santa Cruz concedidas al empresario L\u00e1zaro B\u00e1ez.<\/p>\n\n\n\n<h2 class=\"wp-block-heading\">Cristina defini\u00f3 a la Corte como &#8220;la guardia pretoriana del poder econ\u00f3mico&#8221;<\/h2>\n\n\n\n<p>El lunes, la ex presidenta reuni\u00f3 a su tropa en la sede del Partido Justicialista Nacional para recordar a los fusilados en Jos\u00e9 Le\u00f3n Su\u00e1rez, d\u00eda que luego se convertir\u00eda en el D\u00eda de la Resistencia Peronista.<\/p>\n\n\n\n<p>All\u00ed, calific\u00f3 a la Corte Suprema como &#8220;la guardia pretoniaria del poder econ\u00f3mico&#8221; y denunci\u00f3 que apuestan a desarticular a la oposici\u00f3n.<\/p>\n\n\n\n<p>\u201cBast\u00f3 que lanzara una candidatura (a diputada provincial por la Tercera Secci\u00f3n Electoral en Provincia de Buenos Aires) para que se desataran los demonios\u201d, continu\u00f3 Cristina Kirchner antes de conocer que ser\u00eda ratificada su condena.<\/p>\n\n\n\n<p><strong>Fuente: www.diariouno.com.ar<\/strong><\/p>\n","protected":false},"excerpt":{"rendered":"<p>El\u00a0peronismo mendocino\u00a0llam\u00f3 este martes a movilizarse &#8220;contra la proscripci\u00f3n a\u00a0Cristina Kirchner&#8221; para este martes a las 17 en el edificio de Tribunales Federales, ante el\u00a0inminente fallo de la Corte Suprema\u00a0que definir\u00e1 el futuro judicial de la ex presidenta. Casi a la misma hora se confirm\u00f3 la condena a prisi\u00f3n a seis a\u00f1os contra la ex [&hellip;]<\/p>\n","protected":false},"author":2,"featured_media":13398,"comment_status":"open","ping_status":"open","sticky":false,"template":"","format":"standard","meta":[],"categories":[47],"tags":[],"_links":{"self":[{"href":"https:\/\/pasaenmendoza.com\/index.php?rest_route=\/wp\/v2\/posts\/13397"}],"collection":[{"href":"https:\/\/pasaenmendoza.com\/index.php?rest_route=\/wp\/v2\/posts"}],"about":[{"href":"https:\/\/pasaenmendoza.com\/index.php?rest_route=\/wp\/v2\/types\/post"}],"author":[{"embeddable":true,"href":"https:\/\/pasaenmendoza.com\/index.php?rest_route=\/wp\/v2\/users\/2"}],"replies":[{"embeddable":true,"href":"https:\/\/pasaenmendoza.com\/index.php?rest_route=%2Fwp%2Fv2%2Fcomments&post=13397"}],"version-history":[{"count":1,"href":"https:\/\/pasaenmendoza.com\/index.php?rest_route=\/wp\/v2\/posts\/13397\/revisions"}],"predecessor-version":[{"id":13399,"href":"https:\/\/pasaenmendoza.com\/index.php?rest_route=\/wp\/v2\/posts\/13397\/revisions\/13399"}],"wp:featuredmedia":[{"embeddable":true,"href":"https:\/\/pasaenmendoza.com\/index.php?rest_route=\/wp\/v2\/media\/13398"}],"wp:attachment":[{"href":"https:\/\/pasaenmendoza.com\/index.php?rest_route=%2Fwp%2Fv2%2Fmedia&parent=13397"}],"wp:term":[{"taxonomy":"category","embeddable":true,"href":"https:\/\/pasaenmendoza.com\/index.php?rest_route=%2Fwp%2Fv2%2Fcategories&post=13397"},{"taxonomy":"post_tag","embeddable":true,"href":"https:\/\/pasaenmendoza.com\/index.php?rest_route=%2Fwp%2Fv2%2Ftags&post=13397"}],"curies":[{"name":"wp","href":"https:\/\/api.w.org\/{rel}","templated":true}]}}