{"id":13402,"date":"2025-06-11T00:11:04","date_gmt":"2025-06-10T22:11:04","guid":{"rendered":"https:\/\/pasaenmendoza.com\/?p=13402"},"modified":"2025-06-11T00:11:05","modified_gmt":"2025-06-10T22:11:05","slug":"entidades-del-agro-mendocino-rechazan-el-ajuste-del-inta-que-impulsa-el-gobierno-nacional","status":"publish","type":"post","link":"https:\/\/pasaenmendoza.com\/?p=13402","title":{"rendered":"Entidades del agro mendocino rechazan el ajuste del INTA que impulsa el Gobierno nacional"},"content":{"rendered":"\n<p>El\u00a0<strong>Gobierno<\/strong>\u00a0persiste en tomar el control del directorio del\u00a0<strong>INTA<\/strong>\u00a0y ultima un fuerte\u00a0<strong>ajuste<\/strong>\u00a0de personal. Eso gener\u00f3 el rechazo de entidades del\u00a0<strong>agro<\/strong>\u00a0mendocino, que sali\u00f3 a manifestarse a favor de la continuidad del organismo t\u00e9cnico del campo.<\/p>\n\n\n\n<p>Desde Acovi (Asociaci\u00f3n de Cooperativas Vitivin\u00edcolas Argentinas) ratificaron su &#8220;compromiso&#8221; con la instituci\u00f3n, presente con&nbsp;<strong>asistencia t\u00e9cnica<\/strong>&nbsp;a los productores de todo&nbsp;<strong>el pa\u00eds<\/strong>.<\/p>\n\n\n\n<p>&#8220;El sector necesita que INTA se siga construyendo en base a&nbsp;<strong>su amplia territorialidad&nbsp;<\/strong>y cuente con los recursos para cumplir un&nbsp;<strong>rol estrat\u00e9gico<\/strong>&nbsp;en el desarrollo agropecuario nacional&#8221;, aseguraron en un comunicado.<\/p>\n\n\n\n<p>Por su parte,&nbsp;<strong>Mario Leiva<\/strong>, de la Sociedad Rural de Valle de Uco, asegur\u00f3 que &#8220;si les&nbsp;<strong>quitan la gobernanza las entidades del campo se van<\/strong>&nbsp;a ir del INTA. Si el Gobierno quiere manejar los fondos, no los vamos a acompa\u00f1ar, no seremos hip\u00f3critas&#8221;.<\/p>\n\n\n\n<p>Se refiere al movimiento que el&nbsp;<strong>Gobierno ya empez\u00f3 a impulsar adentro del directorio de INTA:<\/strong>&nbsp;hasta ahora con presencia del campo, busca&nbsp;<strong>desplazar a universidades y Grupos CREA<\/strong>, ente sin fines de lucro que impulsa la transferencia tecnol\u00f3gica a los productores.<\/p>\n\n\n\n<p>Los productores primarios son los principales beneficiarios de la transferencia tecnol\u00f3gica que impulsa el INTA<\/p>\n\n\n\n<h2 class=\"wp-block-heading\">Respaldo al INTA<\/h2>\n\n\n\n<p>&#8220;Analizan&nbsp;<strong>el gasto del INTA<\/strong>, pero&nbsp;<strong>no su enorme impacto econ\u00f3mico<\/strong>. Su aporte introduciendo&nbsp;<strong>tecnolog\u00eda para mejorar rindes<\/strong>&nbsp;es gigante&#8221;, resalt\u00f3 por su parte la productora y diputada provincial&nbsp;<strong>Gabriela Lizana<\/strong>, referente de la Asociaci\u00f3n de Productores del Este Mendocino (Aproem).<\/p>\n\n\n\n<p>A su turno, Leiva puso como ejemplo el rol que, en el caso del INTA La Consulta, la instituci\u00f3n tiene para el desarrollo hort\u00edcola en la regi\u00f3n. Y defendi\u00f3 la presencia de los directores de CRA (Confederaciones Rurales Argentinas) en el seno del organismo.<\/p>\n\n\n\n<p>Tampoco el\u00a0<strong>sector agroindustrial<\/strong>\u00a0se qued\u00f3 afuera del pronunciamiento sobre su futuro, en duda desde hace m\u00e1s de un mes a partir de\u00a0un plan del Gobierno que no excluye una fusi\u00f3n INTA-INTI\u00a0(Instituto Nacional de Tecnolog\u00eda Industrial).<\/p>\n\n\n\n<p>Seg\u00fan&nbsp;<strong>Ra\u00fal Giordano<\/strong>, de la C\u00e1mara de la Fruta Industrializada de Mendoza (<strong>CAFIM<\/strong>), la entidad que preside est\u00e1 &#8220;a favor de un instituto s\u00f3lido y eficaz. Apoyamos el esfuerzo y la dedicaci\u00f3n de los que pregonan estos objetivos dentro de INTA&#8221;.<\/p>\n\n\n\n<p>Sin embargo, el empresario tambi\u00e9n habl\u00f3 de &#8220;una mirada autocritica de todos los entes de investigaci\u00f3n y desarrollo&#8221; y abog\u00f3 por &#8220;una reingenier\u00eda&#8221; de los mismos.<\/p>\n\n\n\n<h2 class=\"wp-block-heading\">No al ajuste: qu\u00e9 plantea el agro<\/h2>\n\n\n\n<p>Acovi manifest\u00f3 su&nbsp;<strong>rechazo al ajuste de la estructura y personal<\/strong>&nbsp;del INTA. Y alert\u00f3 sobre &#8220;los&nbsp;<strong>efectos irreversibles<\/strong>&nbsp;que podr\u00eda ocasionar en el acompa\u00f1amiento que hace a los productores de Mendoza y en general del pa\u00eds&#8221;.<\/p>\n\n\n\n<p>En ese punto, las cr\u00edticas se concentran sobre la posibilidad de prescindir de los ingenieros agr\u00f3nomos.<\/p>\n\n\n\n<p>&#8220;Reducir su dotaci\u00f3n comprometer\u00eda gravemente la capacidad de respuesta, la continuidad de los procesos de innovaci\u00f3n y el v\u00ednculo construido con los actores locales a lo largo del tiempo&#8221;, enfatizaron.<\/p>\n\n\n\n<p>La referencia apunta no s\u00f3lo a la decisi\u00f3n de prescindir de muchos profesionales del agro sino tambi\u00e9n a la liquidaci\u00f3n de las superficies de las Estaciones Experimentales, que el Gobierno pretende llevar a remate.<\/p>\n\n\n\n<p>Al respecto, la entidad cooperativista se sum\u00f3 a la postura de la&nbsp;<strong>Mesa de Enlace<\/strong>, que integran Coninagro, Confederaciones Rurales Argentinas (CRA), la Sociedad Rural y Federaci\u00f3n Agraria (FA).<\/p>\n\n\n\n<p>En definitiva, a la espera de un decreto (ser\u00eda inminente su publicaci\u00f3n) que materializar\u00eda el ajuste que busca el Gobierno, son 3 los reclamos fundamentales de las entidades del agro en favor del INTA:<\/p>\n\n\n\n<p>-Que&nbsp;<strong>mantenga su autarqu\u00eda<\/strong><\/p>\n\n\n\n<p>-Que&nbsp;<strong>no se altere la gobernanza<\/strong>&nbsp;de la instituci\u00f3n<\/p>\n\n\n\n<p>-Mantener l<strong>a estructura de Centros Regionales<\/strong>, &#8220;una herramienta imprescindible para el desarrollo agropecuario&#8221;.<\/p>\n\n\n\n<p><strong>Fuente: www.diariouno.com.ar<\/strong><\/p>\n","protected":false},"excerpt":{"rendered":"<p>El\u00a0Gobierno\u00a0persiste en tomar el control del directorio del\u00a0INTA\u00a0y ultima un fuerte\u00a0ajuste\u00a0de personal. Eso gener\u00f3 el rechazo de entidades del\u00a0agro\u00a0mendocino, que sali\u00f3 a manifestarse a favor de la continuidad del organismo t\u00e9cnico del campo. Desde Acovi (Asociaci\u00f3n de Cooperativas Vitivin\u00edcolas Argentinas) ratificaron su &#8220;compromiso&#8221; con la instituci\u00f3n, presente con&nbsp;asistencia t\u00e9cnica&nbsp;a los productores de todo&nbsp;el pa\u00eds. &#8220;El [&hellip;]<\/p>\n","protected":false},"author":2,"featured_media":13403,"comment_status":"open","ping_status":"open","sticky":false,"template":"","format":"standard","meta":[],"categories":[123],"tags":[],"_links":{"self":[{"href":"https:\/\/pasaenmendoza.com\/index.php?rest_route=\/wp\/v2\/posts\/13402"}],"collection":[{"href":"https:\/\/pasaenmendoza.com\/index.php?rest_route=\/wp\/v2\/posts"}],"about":[{"href":"https:\/\/pasaenmendoza.com\/index.php?rest_route=\/wp\/v2\/types\/post"}],"author":[{"embeddable":true,"href":"https:\/\/pasaenmendoza.com\/index.php?rest_route=\/wp\/v2\/users\/2"}],"replies":[{"embeddable":true,"href":"https:\/\/pasaenmendoza.com\/index.php?rest_route=%2Fwp%2Fv2%2Fcomments&post=13402"}],"version-history":[{"count":1,"href":"https:\/\/pasaenmendoza.com\/index.php?rest_route=\/wp\/v2\/posts\/13402\/revisions"}],"predecessor-version":[{"id":13404,"href":"https:\/\/pasaenmendoza.com\/index.php?rest_route=\/wp\/v2\/posts\/13402\/revisions\/13404"}],"wp:featuredmedia":[{"embeddable":true,"href":"https:\/\/pasaenmendoza.com\/index.php?rest_route=\/wp\/v2\/media\/13403"}],"wp:attachment":[{"href":"https:\/\/pasaenmendoza.com\/index.php?rest_route=%2Fwp%2Fv2%2Fmedia&parent=13402"}],"wp:term":[{"taxonomy":"category","embeddable":true,"href":"https:\/\/pasaenmendoza.com\/index.php?rest_route=%2Fwp%2Fv2%2Fcategories&post=13402"},{"taxonomy":"post_tag","embeddable":true,"href":"https:\/\/pasaenmendoza.com\/index.php?rest_route=%2Fwp%2Fv2%2Ftags&post=13402"}],"curies":[{"name":"wp","href":"https:\/\/api.w.org\/{rel}","templated":true}]}}