{"id":13405,"date":"2025-06-11T00:14:06","date_gmt":"2025-06-10T22:14:06","guid":{"rendered":"https:\/\/pasaenmendoza.com\/?p=13405"},"modified":"2025-06-11T00:14:07","modified_gmt":"2025-06-10T22:14:07","slug":"ampros-tambien-rechazo-por-insuficiente-el-aumento-salarial-que-propuso-el-gobierno","status":"publish","type":"post","link":"https:\/\/pasaenmendoza.com\/?p=13405","title":{"rendered":"AMPROS tambi\u00e9n rechaz\u00f3 por &#8220;insuficiente&#8221; el aumento salarial que propuso el Gobierno"},"content":{"rendered":"\n<p>La Asociaci\u00f3n Mendocina de Profesionales de la Salud (<strong>AMPROS<\/strong>) y el Gobierno se reunieron este lunes en medio de las\u00a0<strong>paritarias salariales<\/strong>\u00a0que corresponden al segundo semestre del a\u00f1o. No llegaron a un acuerdo y pasaron a un cuarto intermedio para el mi\u00e9rcoles 18 y jueves 19.<\/p>\n\n\n\n<p><strong>Claudia Iturbe<\/strong>, la secretaria general del gremio, asegur\u00f3 que el ofrecimiento del 1,2% de&nbsp;<strong>aumento<\/strong>&nbsp;hasta diciembre &#8220;est\u00e1 por debajo de la inflaci\u00f3n&#8221;.<\/p>\n\n\n\n<p>&#8220;Los c\u00e1lculos se realizaron al mes de junio y no al mes anterior que ser\u00eda lo m\u00e1s justo y donde no se perder\u00eda poder adquisitivo. Una vez m\u00e1s no se reconoci\u00f3 la p\u00e9rdida del poder adquisitivo de los a\u00f1os anteriores\u201d, explic\u00f3.<\/p>\n\n\n\n<p>AMPROS rechaz\u00f3 el aumento salarial propuesto por el Gobierno para el segundo semestre del a\u00f1o.<\/p>\n\n\n\n<p>Y agreg\u00f3: \u201cFue una&nbsp;<strong>paritaria<\/strong>&nbsp;m\u00e1s en la que no se pudo hablar de ning\u00fan tema que escape a los profesionales de planta y de un solo r\u00e9gimen\u201d.<\/p>\n\n\n\n<p>Por otra parte, la directora de Recursos Humanos del Gobierno, expres\u00f3: &#8220;Hoy hemos iniciado el di\u00e1logo con los\u00a0<strong>gremios,<\/strong>\u00a0dando\u00a0continuidad a la\u00a0<strong>negociaci\u00f3n salarial<\/strong>\u00a0para el segundo semestre del 2025. Hemos efectuado una propuesta base consistente en un\u00a0<strong>incremento<\/strong>\u00a0del 1,2% por mensual de julio a diciembre&#8221;.<\/p>\n\n\n\n<p>&#8220;En esta primera reuni\u00f3n hemos recibido propuestas y observaciones. Mantendremos reuniones t\u00e9cnicas y retomaremos las audiencias la semana pr\u00f3xima\u201d, concluy\u00f3.<\/p>\n\n\n\n<h2 class=\"wp-block-heading\">El SUTE tambi\u00e9n se mostr\u00f3 disconforme con el aumento salarial propuesto<\/h2>\n\n\n\n<p>Docentes y celadores nucleados en el Sindicato Unido de Trabajadores de la Educaci\u00f3n (SUTE) se reunieron este lunes y al igual que AMPROS mostraron su insatisfacci\u00f3n con la propuesta de<strong>&nbsp;aumento salarial<\/strong>&nbsp;del Gobierno.<\/p>\n\n\n\n<p>\u201cHay que recordar que cobramos un 7% y la inflaci\u00f3n acumulada hasta abril fue del 8,6%. Hemos perdido m\u00e1s de dos puntos\u201d, expres\u00f3 en la previa el secretario del SUTE Gustavo Correa; disconforme ahora no s\u00f3lo con lo previsto para el primer semestre sino tambi\u00e9n con lo ofrecido por el Gobierno para los segundos seis meses del a\u00f1o.<\/p>\n\n\n\n<p>Adem\u00e1s plante\u00f3 una queja por falta de pago del \u00edtem arraigo: &#8220;Hemos percibido que ese \u00edtem no se pag\u00f3 en las escuelas fusionadas de CEBJA y CENS, en suplencias de mayor jerarqu\u00eda y tambi\u00e9n a algunos enfermos oncol\u00f3gicos, entre otros&#8221;.<\/p>\n\n\n\n<p><strong>Fuente: www.diariouno.com.ar<\/strong><\/p>\n","protected":false},"excerpt":{"rendered":"<p>La Asociaci\u00f3n Mendocina de Profesionales de la Salud (AMPROS) y el Gobierno se reunieron este lunes en medio de las\u00a0paritarias salariales\u00a0que corresponden al segundo semestre del a\u00f1o. No llegaron a un acuerdo y pasaron a un cuarto intermedio para el mi\u00e9rcoles 18 y jueves 19. Claudia Iturbe, la secretaria general del gremio, asegur\u00f3 que el [&hellip;]<\/p>\n","protected":false},"author":2,"featured_media":13406,"comment_status":"open","ping_status":"open","sticky":false,"template":"","format":"standard","meta":[],"categories":[55],"tags":[],"_links":{"self":[{"href":"https:\/\/pasaenmendoza.com\/index.php?rest_route=\/wp\/v2\/posts\/13405"}],"collection":[{"href":"https:\/\/pasaenmendoza.com\/index.php?rest_route=\/wp\/v2\/posts"}],"about":[{"href":"https:\/\/pasaenmendoza.com\/index.php?rest_route=\/wp\/v2\/types\/post"}],"author":[{"embeddable":true,"href":"https:\/\/pasaenmendoza.com\/index.php?rest_route=\/wp\/v2\/users\/2"}],"replies":[{"embeddable":true,"href":"https:\/\/pasaenmendoza.com\/index.php?rest_route=%2Fwp%2Fv2%2Fcomments&post=13405"}],"version-history":[{"count":1,"href":"https:\/\/pasaenmendoza.com\/index.php?rest_route=\/wp\/v2\/posts\/13405\/revisions"}],"predecessor-version":[{"id":13407,"href":"https:\/\/pasaenmendoza.com\/index.php?rest_route=\/wp\/v2\/posts\/13405\/revisions\/13407"}],"wp:featuredmedia":[{"embeddable":true,"href":"https:\/\/pasaenmendoza.com\/index.php?rest_route=\/wp\/v2\/media\/13406"}],"wp:attachment":[{"href":"https:\/\/pasaenmendoza.com\/index.php?rest_route=%2Fwp%2Fv2%2Fmedia&parent=13405"}],"wp:term":[{"taxonomy":"category","embeddable":true,"href":"https:\/\/pasaenmendoza.com\/index.php?rest_route=%2Fwp%2Fv2%2Fcategories&post=13405"},{"taxonomy":"post_tag","embeddable":true,"href":"https:\/\/pasaenmendoza.com\/index.php?rest_route=%2Fwp%2Fv2%2Ftags&post=13405"}],"curies":[{"name":"wp","href":"https:\/\/api.w.org\/{rel}","templated":true}]}}