{"id":13408,"date":"2025-06-11T00:20:37","date_gmt":"2025-06-10T22:20:37","guid":{"rendered":"https:\/\/pasaenmendoza.com\/?p=13408"},"modified":"2025-06-11T00:20:38","modified_gmt":"2025-06-10T22:20:38","slug":"junio-con-super-feriados-dos-fines-de-semana-extra-largos-y-solo-tres-dias-habiles","status":"publish","type":"post","link":"https:\/\/pasaenmendoza.com\/?p=13408","title":{"rendered":"Junio con s\u00faper feriados: dos fines de semana extra largos y solo tres d\u00edas h\u00e1biles"},"content":{"rendered":"\n<p>En junio de 2025, los argentinos disfrutar\u00e1n de una semana laboral reducida gracias a dos feriados que generan fines de semana largos consecutivos.<\/p>\n\n\n\n<p>El&nbsp;<strong>lunes 16 de junio<\/strong>&nbsp;se conmemora el Paso a la Inmortalidad del General Mart\u00edn Miguel de G\u00fcemes. Aunque originalmente esta fecha es el 17 de junio, el feriado es trasladable y se ha movido al lunes para facilitar un descanso prolongado.<\/p>\n\n\n\n<p>Ese mismo fin de semana,&nbsp;<strong>el domingo 15 se celebra el D\u00eda del Padre,&nbsp;<\/strong>ofreciendo una excelente oportunidad para compartir en familia.<\/p>\n\n\n\n<p>Pocos d\u00edas despu\u00e9s,&nbsp;<strong>el viernes 20 de junio&nbsp;<\/strong>se celebra el D\u00eda de la Bandera, en homenaje al General Manuel Belgrano. Al caer en viernes, este feriado tambi\u00e9n genera un fin de semana largo, ideal para una escapada o descanso.<\/p>\n\n\n\n<p>Con estos dos feriados en junio, el mes se presenta como una excelente oportunidad para quienes desean desconectarse de la rutina y aprovechar el tiempo libre.<a rel=\"noreferrer noopener\" href=\"https:\/\/www.elsol.com.ar\/el-pais\/semana-con-tres-dias-habiles-y-dos-fines-de-semana-xl-cuando-son-los-super-feriados-de-junio\/?utm_source=chatgpt.com\" target=\"_blank\"><\/a><\/p>\n\n\n\n<p><strong>Fuente: www.elsol.com.ar<\/strong><\/p>\n\n\n\n<p><a href=\"https:\/\/www.elsol.com.ar\/el-pais\/semana-con-tres-dias-habiles-y-dos-fines-de-semana-xl-cuando-son-los-super-feriados-de-junio\/?relatedposts_hit=1&amp;relatedposts_origin=2110272&amp;relatedposts_position=0&amp;relatedposts_hit=1&amp;relatedposts_origin=2110272&amp;relatedposts_position=0&amp;relatedposts_hit=1&amp;relatedposts_origin=2110272&amp;relatedposts_position=0\"><\/a><\/p>\n","protected":false},"excerpt":{"rendered":"<p>En junio de 2025, los argentinos disfrutar\u00e1n de una semana laboral reducida gracias a dos feriados que generan fines de semana largos consecutivos. El&nbsp;lunes 16 de junio&nbsp;se conmemora el Paso a la Inmortalidad del General Mart\u00edn Miguel de G\u00fcemes. Aunque originalmente esta fecha es el 17 de junio, el feriado es trasladable y se ha [&hellip;]<\/p>\n","protected":false},"author":2,"featured_media":13409,"comment_status":"open","ping_status":"open","sticky":false,"template":"","format":"standard","meta":[],"categories":[50],"tags":[],"_links":{"self":[{"href":"https:\/\/pasaenmendoza.com\/index.php?rest_route=\/wp\/v2\/posts\/13408"}],"collection":[{"href":"https:\/\/pasaenmendoza.com\/index.php?rest_route=\/wp\/v2\/posts"}],"about":[{"href":"https:\/\/pasaenmendoza.com\/index.php?rest_route=\/wp\/v2\/types\/post"}],"author":[{"embeddable":true,"href":"https:\/\/pasaenmendoza.com\/index.php?rest_route=\/wp\/v2\/users\/2"}],"replies":[{"embeddable":true,"href":"https:\/\/pasaenmendoza.com\/index.php?rest_route=%2Fwp%2Fv2%2Fcomments&post=13408"}],"version-history":[{"count":1,"href":"https:\/\/pasaenmendoza.com\/index.php?rest_route=\/wp\/v2\/posts\/13408\/revisions"}],"predecessor-version":[{"id":13410,"href":"https:\/\/pasaenmendoza.com\/index.php?rest_route=\/wp\/v2\/posts\/13408\/revisions\/13410"}],"wp:featuredmedia":[{"embeddable":true,"href":"https:\/\/pasaenmendoza.com\/index.php?rest_route=\/wp\/v2\/media\/13409"}],"wp:attachment":[{"href":"https:\/\/pasaenmendoza.com\/index.php?rest_route=%2Fwp%2Fv2%2Fmedia&parent=13408"}],"wp:term":[{"taxonomy":"category","embeddable":true,"href":"https:\/\/pasaenmendoza.com\/index.php?rest_route=%2Fwp%2Fv2%2Fcategories&post=13408"},{"taxonomy":"post_tag","embeddable":true,"href":"https:\/\/pasaenmendoza.com\/index.php?rest_route=%2Fwp%2Fv2%2Ftags&post=13408"}],"curies":[{"name":"wp","href":"https:\/\/api.w.org\/{rel}","templated":true}]}}