{"id":13411,"date":"2025-06-11T15:30:11","date_gmt":"2025-06-11T13:30:11","guid":{"rendered":"https:\/\/pasaenmendoza.com\/?p=13411"},"modified":"2025-06-11T15:30:12","modified_gmt":"2025-06-11T13:30:12","slug":"alerta-por-vientos-para-este-miercoles-asi-estara-el-tiempo-en-mendoza","status":"publish","type":"post","link":"https:\/\/pasaenmendoza.com\/?p=13411","title":{"rendered":"Alerta por vientos para este mi\u00e9rcoles: as\u00ed estar\u00e1 el tiempo en Mendoza"},"content":{"rendered":"\n<p>El&nbsp;<strong>mi\u00e9rcoles<\/strong>&nbsp;arranca con tiempo bueno y poco cambio de la temperatura, vientos de direcci\u00f3n variable. Adem\u00e1s, el&nbsp;<strong>Servicio Meteorol\u00f3gico<\/strong>&nbsp;<strong>Nacional<\/strong>&nbsp;(SMN) emiti\u00f3 un alerta por vientos.<\/p>\n\n\n\n<p><strong>La m\u00ednima ser\u00e1 de 5 grados y la m\u00e1xima de 18<\/strong>.<\/p>\n\n\n\n<p>El\u00a0<strong>jueves<\/strong>\u00a0estar\u00e1 \u201calgo nublado con ascenso de la temperatura, vientos moderados del sector sur. Zonda en precordillera. Nevadas en cordillera\u201d.<\/p>\n\n\n\n<p><strong>La m\u00ednima ser\u00e1 de 4 grados y la m\u00e1xima de 19.<\/strong><\/p>\n\n\n\n<p>Para el\u00a0<strong>viernes<\/strong>\u00a0se pronostica \u201cCielo parcialmente nublado con descenso de la temperatura, vientos del sector sur. Precipitaciones aisladas. Nevadas en cordillera\u201d.\u00a0<strong>La m\u00ednima ser\u00e1 de 4 grados y la m\u00e1xima de 16.<\/strong><\/p>\n\n\n\n<p><strong>Fuente: www.elsol.com.ar<\/strong><\/p>\n","protected":false},"excerpt":{"rendered":"<p>El&nbsp;mi\u00e9rcoles&nbsp;arranca con tiempo bueno y poco cambio de la temperatura, vientos de direcci\u00f3n variable. Adem\u00e1s, el&nbsp;Servicio Meteorol\u00f3gico&nbsp;Nacional&nbsp;(SMN) emiti\u00f3 un alerta por vientos. La m\u00ednima ser\u00e1 de 5 grados y la m\u00e1xima de 18. El\u00a0jueves\u00a0estar\u00e1 \u201calgo nublado con ascenso de la temperatura, vientos moderados del sector sur. Zonda en precordillera. Nevadas en cordillera\u201d. La m\u00ednima ser\u00e1 [&hellip;]<\/p>\n","protected":false},"author":2,"featured_media":13412,"comment_status":"open","ping_status":"open","sticky":false,"template":"","format":"standard","meta":[],"categories":[52],"tags":[],"_links":{"self":[{"href":"https:\/\/pasaenmendoza.com\/index.php?rest_route=\/wp\/v2\/posts\/13411"}],"collection":[{"href":"https:\/\/pasaenmendoza.com\/index.php?rest_route=\/wp\/v2\/posts"}],"about":[{"href":"https:\/\/pasaenmendoza.com\/index.php?rest_route=\/wp\/v2\/types\/post"}],"author":[{"embeddable":true,"href":"https:\/\/pasaenmendoza.com\/index.php?rest_route=\/wp\/v2\/users\/2"}],"replies":[{"embeddable":true,"href":"https:\/\/pasaenmendoza.com\/index.php?rest_route=%2Fwp%2Fv2%2Fcomments&post=13411"}],"version-history":[{"count":1,"href":"https:\/\/pasaenmendoza.com\/index.php?rest_route=\/wp\/v2\/posts\/13411\/revisions"}],"predecessor-version":[{"id":13413,"href":"https:\/\/pasaenmendoza.com\/index.php?rest_route=\/wp\/v2\/posts\/13411\/revisions\/13413"}],"wp:featuredmedia":[{"embeddable":true,"href":"https:\/\/pasaenmendoza.com\/index.php?rest_route=\/wp\/v2\/media\/13412"}],"wp:attachment":[{"href":"https:\/\/pasaenmendoza.com\/index.php?rest_route=%2Fwp%2Fv2%2Fmedia&parent=13411"}],"wp:term":[{"taxonomy":"category","embeddable":true,"href":"https:\/\/pasaenmendoza.com\/index.php?rest_route=%2Fwp%2Fv2%2Fcategories&post=13411"},{"taxonomy":"post_tag","embeddable":true,"href":"https:\/\/pasaenmendoza.com\/index.php?rest_route=%2Fwp%2Fv2%2Ftags&post=13411"}],"curies":[{"name":"wp","href":"https:\/\/api.w.org\/{rel}","templated":true}]}}