{"id":13417,"date":"2025-06-11T16:20:32","date_gmt":"2025-06-11T14:20:32","guid":{"rendered":"https:\/\/pasaenmendoza.com\/?p=13417"},"modified":"2025-06-11T16:20:33","modified_gmt":"2025-06-11T14:20:33","slug":"el-partido-politico-que-fue-rehabilitado-en-mendoza-y-presiona-en-la-interna-del-pj","status":"publish","type":"post","link":"https:\/\/pasaenmendoza.com\/?p=13417","title":{"rendered":"El partido pol\u00edtico que fue \u201crehabilitado\u201d en Mendoza y presiona en la interna del PJ"},"content":{"rendered":"\n<p>El&nbsp;<strong>Juzgado Federal N\u00ba 1&nbsp;<\/strong>con competencia electoral en la provincia rehabilit\u00f3 de forma provisoria al partido&nbsp;<strong>Unidad Popular \u2013 Mendoza<\/strong>. La resoluci\u00f3n judicial, dictada en el expediente&nbsp;<strong>CNE 16115\/2024<\/strong>, establece que el partido cumpli\u00f3 con los requerimientos iniciales de la&nbsp;<strong>Ley de Partidos Pol\u00edticos N\u00b0 23.298<\/strong>, que habilitan su reingreso al registro partidario.<\/p>\n\n\n\n<p><strong>Unidad Popular\u00a0<\/strong>hab\u00eda sido previamente declarado caduco por no haber superado los controles establecidos, en una resoluci\u00f3n judicial del 9 de septiembre de 2022. No obstante, el marco normativo permite que una organizaci\u00f3n pol\u00edtica en esa condici\u00f3n solicite su rehabilitaci\u00f3n luego de celebrarse la elecci\u00f3n nacional subsiguiente, condici\u00f3n que fue cumplida tras los comicios de octubre de 2023.<\/p>\n\n\n\n<p>Aunque el reconocimiento es de car\u00e1cter transitorio, marca el&nbsp;<strong>regreso formal de la agrupaci\u00f3n al escenario pol\u00edtico mendocino&nbsp;<\/strong>y se erige como una importante carta de presi\u00f3n por parte del sector que referencia a la camporista&nbsp;<strong>Anabel Fern\u00e1ndez Sagasti<\/strong>, en la discusi\u00f3n con el peronismo provincial que encabeza&nbsp;<strong>Emir F\u00e9lix&nbsp;<\/strong>y los intendentes de esa fuerza.<\/p>\n\n\n\n<p>De acuerdo al aval jur\u00eddico, para alcanzar la personer\u00eda provisoria\u00a0<strong>Unidad Popular\u00a0<\/strong>present\u00f3 los\u00a0<strong>documentos fundacionales exigidos por ley\u00a0<\/strong>\u2014Acta Constitutiva, Declaraci\u00f3n de Principios, Bases de Acci\u00f3n Pol\u00edtica y Carta Org\u00e1nica\u2014, y logr\u00f3 la aprobaci\u00f3n de su\u00a0<strong>metodolog\u00eda interna democr\u00e1tica<\/strong>. Asimismo, la agrupaci\u00f3n<strong>\u00a0acredit\u00f3 contar con un n\u00famero de afiliaciones superior al m\u00ednimo exigido: un total de 4.086 electores<\/strong>, incluyendo afiliaciones previas y nuevas adhesiones, seg\u00fan consta en un informe emitido por Secretar\u00eda el 12 de mayo pasado.<\/p>\n\n\n\n<p>El&nbsp;<strong>proceso de rehabilitaci\u00f3n<\/strong>&nbsp;tambi\u00e9n incluy\u00f3 la publicaci\u00f3n oficial de su solicitud y la convocatoria a audiencia p\u00fablica,&nbsp;<strong>sin que se registraran objeciones de terceros<\/strong>. El&nbsp;<strong>Ministerio P\u00fablico Fiscal<\/strong>, consultado sobre el expediente, emiti\u00f3 un dictamen favorable, allanando el camino para la resoluci\u00f3n judicial.<\/p>\n\n\n\n<p>No obstante,<strong>\u00a0la habilitaci\u00f3n definitiva a\u00fan depende del cumplimiento de dos condiciones esenciales<\/strong>. En primer lugar, el partido\u00a0<strong>deber\u00e1 presentar, en un plazo de 150 d\u00edas desde la notificaci\u00f3n de la resoluci\u00f3n, al menos 4.000 fichas de afiliaci\u00f3n certificadas<\/strong>, acompa\u00f1adas por copia de los documentos de identidad correspondientes. En segundo t\u00e9rmino,\u00a0<strong>contar\u00e1 con un plazo de 180 d\u00edas para llevar a cabo elecciones internas que designen a sus autoridades partidarias definitivas<\/strong>.<\/p>\n\n\n\n<p>Ambos pasos son imprescindibles para alcanzar la&nbsp;<strong>personer\u00eda pol\u00edtica plena<\/strong>&nbsp;y asegurar su continuidad como fuerza pol\u00edtica reconocida legalmente, conforme a lo estipulado en los art\u00edculos 7 bis y 7 ter de la Ley 23.298.<\/p>\n\n\n\n<p>Cabe remarcar que los documentos judiciales no hacen referencia alguna a dirigentes pol\u00edticos particulares ni a eventuales candidaturas.\u00a0<strong>La resoluci\u00f3n se limita exclusivamente al proceso administrativo de rehabilitaci\u00f3n partidaria\u00a0<\/strong>y no anticipa posibles estrategias electorales de la fuerza.<\/p>\n\n\n\n<p><strong>Fuente: www.elsol.com.ar<\/strong><\/p>\n","protected":false},"excerpt":{"rendered":"<p>El&nbsp;Juzgado Federal N\u00ba 1&nbsp;con competencia electoral en la provincia rehabilit\u00f3 de forma provisoria al partido&nbsp;Unidad Popular \u2013 Mendoza. La resoluci\u00f3n judicial, dictada en el expediente&nbsp;CNE 16115\/2024, establece que el partido cumpli\u00f3 con los requerimientos iniciales de la&nbsp;Ley de Partidos Pol\u00edticos N\u00b0 23.298, que habilitan su reingreso al registro partidario. Unidad Popular\u00a0hab\u00eda sido previamente declarado caduco [&hellip;]<\/p>\n","protected":false},"author":2,"featured_media":13418,"comment_status":"open","ping_status":"open","sticky":false,"template":"","format":"standard","meta":[],"categories":[47],"tags":[],"_links":{"self":[{"href":"https:\/\/pasaenmendoza.com\/index.php?rest_route=\/wp\/v2\/posts\/13417"}],"collection":[{"href":"https:\/\/pasaenmendoza.com\/index.php?rest_route=\/wp\/v2\/posts"}],"about":[{"href":"https:\/\/pasaenmendoza.com\/index.php?rest_route=\/wp\/v2\/types\/post"}],"author":[{"embeddable":true,"href":"https:\/\/pasaenmendoza.com\/index.php?rest_route=\/wp\/v2\/users\/2"}],"replies":[{"embeddable":true,"href":"https:\/\/pasaenmendoza.com\/index.php?rest_route=%2Fwp%2Fv2%2Fcomments&post=13417"}],"version-history":[{"count":1,"href":"https:\/\/pasaenmendoza.com\/index.php?rest_route=\/wp\/v2\/posts\/13417\/revisions"}],"predecessor-version":[{"id":13419,"href":"https:\/\/pasaenmendoza.com\/index.php?rest_route=\/wp\/v2\/posts\/13417\/revisions\/13419"}],"wp:featuredmedia":[{"embeddable":true,"href":"https:\/\/pasaenmendoza.com\/index.php?rest_route=\/wp\/v2\/media\/13418"}],"wp:attachment":[{"href":"https:\/\/pasaenmendoza.com\/index.php?rest_route=%2Fwp%2Fv2%2Fmedia&parent=13417"}],"wp:term":[{"taxonomy":"category","embeddable":true,"href":"https:\/\/pasaenmendoza.com\/index.php?rest_route=%2Fwp%2Fv2%2Fcategories&post=13417"},{"taxonomy":"post_tag","embeddable":true,"href":"https:\/\/pasaenmendoza.com\/index.php?rest_route=%2Fwp%2Fv2%2Ftags&post=13417"}],"curies":[{"name":"wp","href":"https:\/\/api.w.org\/{rel}","templated":true}]}}