{"id":13420,"date":"2025-06-11T16:51:38","date_gmt":"2025-06-11T14:51:38","guid":{"rendered":"https:\/\/pasaenmendoza.com\/?p=13420"},"modified":"2025-06-11T16:51:39","modified_gmt":"2025-06-11T14:51:39","slug":"una-obra-social-de-mendoza-fue-declarada-en-crisis","status":"publish","type":"post","link":"https:\/\/pasaenmendoza.com\/?p=13420","title":{"rendered":"Una obra social de Mendoza fue declarada &#8220;en crisis&#8221;"},"content":{"rendered":"\n<p>La\u00a0<strong>Superintendencia de Servicios de Salud<\/strong>\u00a0declar\u00f3 oficialmente en situaci\u00f3n de crisis a la\u00a0Obra Social del Personal de Prensa\u00a0de Mendoza (RNAS N\u00b0 1-1780-1), mediante la Resoluci\u00f3n 948\/2025, publicada este 11 de junio.\u00a0<\/p>\n\n\n\n<p>La medida se basa en un informe t\u00e9cnico que detect\u00f3 un alto &#8220;<strong>factor de criticidad<\/strong>&#8220;, superior al l\u00edmite establecido por el Decreto 1400\/01, producto de severos incumplimientos en aspectos prestacionales, contables y financieros.<\/p>\n\n\n\n<p>Entre las falencias destacadas, en la resoluci\u00f3n figuran la &#8220;falta de presentaci\u00f3n de los estados contables, presupuestos y estad\u00edsticas m\u00e9dicas exigidas&#8221;, lo cual afecta directamente a tres de los cuatro criterios evaluados: cumplimiento institucional, indicadores financieros y capacidad de repago.\u00a0<\/p>\n\n\n\n<p>Ante este diagn\u00f3stico,<strong>&nbsp;la obra social deber\u00e1 presentar en un plazo m\u00e1ximo de 15 d\u00edas un Plan de Contingencia<\/strong>&nbsp;que contemple metas trimestrales y medidas concretas para revertir la situaci\u00f3n. El seguimiento del plan estar\u00e1 a cargo del Comit\u00e9 de Evaluaci\u00f3n y Seguimiento del Procedimiento de Crisis, conformado por distintas gerencias del organismo nacional.<\/p>\n\n\n\n<p>Seg\u00fan fuentes oficiales, la resoluci\u00f3n se inscribe en el marco del procedimiento especial previsto para agentes del seguro de salud en crisis, y apunta a garantizar la continuidad de la cobertura a sus afiliados.\u00a0\u00a0<\/p>\n\n\n\n<p><strong>Fuente: www.mendozapost.com<\/strong><\/p>\n","protected":false},"excerpt":{"rendered":"<p>La\u00a0Superintendencia de Servicios de Salud\u00a0declar\u00f3 oficialmente en situaci\u00f3n de crisis a la\u00a0Obra Social del Personal de Prensa\u00a0de Mendoza (RNAS N\u00b0 1-1780-1), mediante la Resoluci\u00f3n 948\/2025, publicada este 11 de junio.\u00a0 La medida se basa en un informe t\u00e9cnico que detect\u00f3 un alto &#8220;factor de criticidad&#8220;, superior al l\u00edmite establecido por el Decreto 1400\/01, producto de [&hellip;]<\/p>\n","protected":false},"author":2,"featured_media":13421,"comment_status":"open","ping_status":"open","sticky":false,"template":"","format":"standard","meta":[],"categories":[50],"tags":[],"_links":{"self":[{"href":"https:\/\/pasaenmendoza.com\/index.php?rest_route=\/wp\/v2\/posts\/13420"}],"collection":[{"href":"https:\/\/pasaenmendoza.com\/index.php?rest_route=\/wp\/v2\/posts"}],"about":[{"href":"https:\/\/pasaenmendoza.com\/index.php?rest_route=\/wp\/v2\/types\/post"}],"author":[{"embeddable":true,"href":"https:\/\/pasaenmendoza.com\/index.php?rest_route=\/wp\/v2\/users\/2"}],"replies":[{"embeddable":true,"href":"https:\/\/pasaenmendoza.com\/index.php?rest_route=%2Fwp%2Fv2%2Fcomments&post=13420"}],"version-history":[{"count":1,"href":"https:\/\/pasaenmendoza.com\/index.php?rest_route=\/wp\/v2\/posts\/13420\/revisions"}],"predecessor-version":[{"id":13422,"href":"https:\/\/pasaenmendoza.com\/index.php?rest_route=\/wp\/v2\/posts\/13420\/revisions\/13422"}],"wp:featuredmedia":[{"embeddable":true,"href":"https:\/\/pasaenmendoza.com\/index.php?rest_route=\/wp\/v2\/media\/13421"}],"wp:attachment":[{"href":"https:\/\/pasaenmendoza.com\/index.php?rest_route=%2Fwp%2Fv2%2Fmedia&parent=13420"}],"wp:term":[{"taxonomy":"category","embeddable":true,"href":"https:\/\/pasaenmendoza.com\/index.php?rest_route=%2Fwp%2Fv2%2Fcategories&post=13420"},{"taxonomy":"post_tag","embeddable":true,"href":"https:\/\/pasaenmendoza.com\/index.php?rest_route=%2Fwp%2Fv2%2Ftags&post=13420"}],"curies":[{"name":"wp","href":"https:\/\/api.w.org\/{rel}","templated":true}]}}