{"id":13423,"date":"2025-06-11T23:24:20","date_gmt":"2025-06-11T21:24:20","guid":{"rendered":"https:\/\/pasaenmendoza.com\/?p=13423"},"modified":"2025-06-11T23:24:21","modified_gmt":"2025-06-11T21:24:21","slug":"viruela-del-mono-la-dge-confirmo-que-pasara-con-las-clases-en-las-escuelas-en-las-que-detectaron-casos","status":"publish","type":"post","link":"https:\/\/pasaenmendoza.com\/?p=13423","title":{"rendered":"Viruela del mono: la DGE confirm\u00f3 qu\u00e9 pasar\u00e1 con las clases en las escuelas en las que detectaron casos"},"content":{"rendered":"\n<p>La Direcci\u00f3n General de Escuelas (DGE) emiti\u00f3 un comunicado interno sobre&nbsp;<strong>viruela s\u00edmica<\/strong>, tras confirmar cinco casos de la enfermedad en la provincia,&nbsp;<strong>descartando la suspensi\u00f3n de clases<\/strong>&nbsp;en esos establecimientos. Todos corresponden a una misma familia del Gran Mendoza, con menores que asisten a instituciones educativas de Ciudad y Las Heras. Al momento,&nbsp;<strong>hay otros casos en investigaci\u00f3n<\/strong>.<\/p>\n\n\n\n<p>En este documento, la cartera educativa confirm\u00f3 que los dos chicos se encuentran&nbsp;<strong>aislados y en buen estado de salud<\/strong>, mientras el Ministerio de Salud realiza el&nbsp;<strong>seguimiento epidemiol\u00f3gico de los contactos estrechos.<\/strong><\/p>\n\n\n\n<p>En primera instancia, se notific\u00f3 a las familias, al personal escolar y a los contactos cercanos. Luego, se aplicaron protocolos de&nbsp;<strong>limpieza y desinfecci\u00f3n en las escuelas<\/strong>.<\/p>\n\n\n\n<p>En esta l\u00ednea, desde la DGE explicaron que<strong>\u00a0desde Salud no indicaron la suspensi\u00f3n de actividades en las instituciones educativas.<\/strong>\u00a0Seg\u00fan expresaron, no es necesario cancelar las clases, ya que en este tipo de situaciones lo que se hace es un \u201cbloqueo\u201d para la prevenci\u00f3n de la enfermedad, con un seguimiento de contactos estrechos o personas con s\u00edntomas.<\/p>\n\n\n\n<p>Por su parte, desde la cartera conducida por Rodolfo Montero se\u00f1alaron que por el momento no se han confirmado nuevos pacientes con la enfermedad, pero s\u00ed&nbsp;<strong>hay otros casos en investigaci\u00f3n.<\/strong><\/p>\n\n\n\n<h2 class=\"wp-block-heading\" id=\"h-sintomas-y-medidas-de-prevencion\">S\u00edntomas y medidas de prevenci\u00f3n<\/h2>\n\n\n\n<p>La viruela del mono es una enfermedad que se transmite de persona a persona. Tambi\u00e9n puede ser a trav\u00e9s de objetos contaminados, pero no por aire a distancia como es el caso del COVID.<\/p>\n\n\n\n<p>En cuanto a los&nbsp;<strong>s\u00edntomas<\/strong>, pude aparecer fiebre, dolor de cabeza o muscular, inflamaci\u00f3n de ganglios, o&nbsp;<strong>lesiones en la piel tipo ampollar o vesicular,<\/strong>&nbsp;especialmente en cara, manos, zona genital o anal.<\/p>\n\n\n\n<p>Para&nbsp;<strong>evitar contagios<\/strong>, se debe tener en cuenta lo siguiente:<\/p>\n\n\n\n<ul>\n<li>Higiene frecuente de manos con agua y jab\u00f3n o alcohol en gel.<\/li>\n\n\n\n<li>Evitar el contacto f\u00edsico estrecho con personas con s\u00edntomas o lesiones en la piel.<\/li>\n\n\n\n<li>No compartir elementos de uso personal.<\/li>\n\n\n\n<li>No concurrir a la escuela o trabajo cuando se est\u00e1 enfermo.<\/li>\n\n\n\n<li>Si aparecen lesiones compatibles con viruela s\u00edmica se sugiere aislarse, usar barbijo, cubrir lesiones de la piel y consultar a un m\u00e9dico. Se recomienda evitar contacto con embarazadas, personas inmunosuprimidas y mascotas hasta descartar la enfermedad.<\/li>\n\n\n\n<li>En caso de detectar s\u00edntomas en ni\u00f1os, deben realizarse las acciones necesarias para que el ni\u00f1o reciba la atenci\u00f3n m\u00e9dica inmediata.<\/li>\n<\/ul>\n\n\n\n<p><strong>Fuente: www.elsol.com.ar<\/strong><\/p>\n","protected":false},"excerpt":{"rendered":"<p>La Direcci\u00f3n General de Escuelas (DGE) emiti\u00f3 un comunicado interno sobre&nbsp;viruela s\u00edmica, tras confirmar cinco casos de la enfermedad en la provincia,&nbsp;descartando la suspensi\u00f3n de clases&nbsp;en esos establecimientos. Todos corresponden a una misma familia del Gran Mendoza, con menores que asisten a instituciones educativas de Ciudad y Las Heras. Al momento,&nbsp;hay otros casos en investigaci\u00f3n. [&hellip;]<\/p>\n","protected":false},"author":2,"featured_media":13424,"comment_status":"open","ping_status":"open","sticky":false,"template":"","format":"standard","meta":[],"categories":[121],"tags":[],"_links":{"self":[{"href":"https:\/\/pasaenmendoza.com\/index.php?rest_route=\/wp\/v2\/posts\/13423"}],"collection":[{"href":"https:\/\/pasaenmendoza.com\/index.php?rest_route=\/wp\/v2\/posts"}],"about":[{"href":"https:\/\/pasaenmendoza.com\/index.php?rest_route=\/wp\/v2\/types\/post"}],"author":[{"embeddable":true,"href":"https:\/\/pasaenmendoza.com\/index.php?rest_route=\/wp\/v2\/users\/2"}],"replies":[{"embeddable":true,"href":"https:\/\/pasaenmendoza.com\/index.php?rest_route=%2Fwp%2Fv2%2Fcomments&post=13423"}],"version-history":[{"count":1,"href":"https:\/\/pasaenmendoza.com\/index.php?rest_route=\/wp\/v2\/posts\/13423\/revisions"}],"predecessor-version":[{"id":13425,"href":"https:\/\/pasaenmendoza.com\/index.php?rest_route=\/wp\/v2\/posts\/13423\/revisions\/13425"}],"wp:featuredmedia":[{"embeddable":true,"href":"https:\/\/pasaenmendoza.com\/index.php?rest_route=\/wp\/v2\/media\/13424"}],"wp:attachment":[{"href":"https:\/\/pasaenmendoza.com\/index.php?rest_route=%2Fwp%2Fv2%2Fmedia&parent=13423"}],"wp:term":[{"taxonomy":"category","embeddable":true,"href":"https:\/\/pasaenmendoza.com\/index.php?rest_route=%2Fwp%2Fv2%2Fcategories&post=13423"},{"taxonomy":"post_tag","embeddable":true,"href":"https:\/\/pasaenmendoza.com\/index.php?rest_route=%2Fwp%2Fv2%2Ftags&post=13423"}],"curies":[{"name":"wp","href":"https:\/\/api.w.org\/{rel}","templated":true}]}}