{"id":13426,"date":"2025-06-11T23:28:12","date_gmt":"2025-06-11T21:28:12","guid":{"rendered":"https:\/\/pasaenmendoza.com\/?p=13426"},"modified":"2025-06-11T23:28:13","modified_gmt":"2025-06-11T21:28:13","slug":"traumatologos-vs-pami-se-reavivo-el-conflicto-y-las-clinicas-privadas-denunciaron-abandono-de-persona","status":"publish","type":"post","link":"https:\/\/pasaenmendoza.com\/?p=13426","title":{"rendered":"Traumat\u00f3logos vs. Pami: se reaviv\u00f3 el conflicto y las cl\u00ednicas privadas denunciaron \u201cabandono de persona\u201d"},"content":{"rendered":"\n<p>El conflicto entre las\u00a0<strong>cl\u00ednicas privadas<\/strong>\u00a0de Mendoza y los\u00a0<strong>traumat\u00f3logos<\/strong>, nucleados en la Asociaci\u00f3n Mendocina de Ortopedia y Traumatolog\u00eda (AMOT), escal\u00f3 nuevamente, dejando a los afiliados del PAMI sin atenci\u00f3n en servicios esenciales como emergencias, urgencias y cirug\u00edas programadas.<\/p>\n\n\n\n<p><strong>Jos\u00e9 Rivas S\u00e1nchez<\/strong>, titular de ACLISA (Asociaci\u00f3n de Cl\u00ednicas y Sanatorios de Mendoza),<strong>\u00a0no dud\u00f3 en responsabilizar a la dirigencia de AMOT por esta crisis.<\/strong><\/p>\n\n\n\n<p>La tensi\u00f3n se dispar\u00f3 cuando se dio a conocer una&nbsp;<strong>medida precautoria que las cl\u00ednicas hab\u00edan presentado en el Tribunal de Defensa de la Competencia en Buenos Aires<\/strong>. Esta acci\u00f3n legal, que a\u00fan no ha sido notificada oficialmente, surgi\u00f3 ante la falta de una resoluci\u00f3n definitiva o un principio de acuerdo tras la mediaci\u00f3n del ministro de Salud provincial\u201d, se\u00f1al\u00f3 Rivas S\u00e1nchez, lamentando que la medida, \u201crealmente muy grave para la AMOT\u201d, ya sea de p\u00fablico conocimiento.<\/p>\n\n\n\n<h2 class=\"wp-block-heading\" id=\"h-duras-acusaciones-contra-amot-no-se-puede-cortar-la-emergencia\">Duras acusaciones contra AMOT: \u201cNo se puede cortar la emergencia\u201d<\/h2>\n\n\n\n<p>El titular de ACLISA fue contundente al criticar la postura de la asociaci\u00f3n de traumat\u00f3logos.&nbsp;<strong>\u201cLa AMOT es la que ha generado todo este conflicto.&nbsp;<\/strong>Los traumat\u00f3logos solos no podr\u00edan haber hecho nunca esto, por lo menos nunca hubieran llegado al punto de cortar la emergencia y la urgencia. Lo han hecho apoyados por la instituci\u00f3n que realmente tiene una indolencia total de hacer esto con los jubilados\u201d, expres\u00f3.<\/p>\n\n\n\n<p>Por otro lado, Rivas S\u00e1nchez enfatiz\u00f3 que el verdadero problema no es el monto del cobro o la modalidad por prestaci\u00f3n, sino la forma de la medida: \u201cCortamos la urgencia, la emergencia, y no nos importa lo que pase. Esto es lo grave, y esto es lo que nos lleva a un&nbsp;<strong>abuso de posici\u00f3n dominante<\/strong>&nbsp;que tiene esa estructura, que creemos que esto no puede pasar en salud\u201d.<\/p>\n\n\n\n<p>Compar\u00f3 la situaci\u00f3n con la de otras especialidades: \u201cLos anestesi\u00f3logos tambi\u00e9n tienen una actitud por ah\u00ed, en muchos momentos, as\u00ed corporativa y de abuso de esa posici\u00f3n dominante, pero nunca nos cortaron la emergencia. Porque esto es sentido com\u00fan. No se puede cortar la emergencia si sos m\u00e9dico, no pod\u00e9s abandonar a los pacientes\u201d.<\/p>\n\n\n\n<h2 class=\"wp-block-heading\" id=\"h-desmienten-falta-de-pago-y-advierten-consecuencias-legales\">Desmienten falta de pago y advierten consecuencias legales<\/h2>\n\n\n\n<p>Ante las acusaciones de AMOT sobre supuestos incumplimientos de pago por parte de las cl\u00ednicas, Rivas S\u00e1nchez fue categ\u00f3rico: \u201cEso es otra mentira que dicen. Las cl\u00ednicas pagaron o tienen que pagar a partir del 15, entre el 15 y el 20 de junio tienen que pagar marzo. Lo que han hecho en abril, eso se paga en julio, porque se factura en mayo. O sea, son dos meses despu\u00e9s. Lo que est\u00e1n diciendo es una falacia, es una mentira\u201d.<\/p>\n\n\n\n<p>Explic\u00f3 que los plazos de pago de las cl\u00ednicas a los profesionales est\u00e1n directamente relacionados con los tiempos de liquidaci\u00f3n de PAMI a las cl\u00ednicas.<\/p>\n\n\n\n<p>El titular de ACLISA advirti\u00f3 sobre las serias consecuencias legales para AMOT y su dirigencia. \u201cEs muy grave lo que han hecho, y es muy grave lo que les va a pasar a la AMOT y a sus dirigentes, porque todo va a estar procesado\u201d, afirm\u00f3.<\/p>\n\n\n\n<p>Las posibles implicaciones incluyen denuncias por&nbsp;<strong>abandono de personas<\/strong>&nbsp;\u2013que, de comprobarse, puede derivar en la justicia penal\u2013 y la&nbsp;<strong>suspensi\u00f3n de matr\u00edculas<\/strong>. \u201cHan pasado una l\u00ednea que no se puede pasar. Vos no pod\u00e9s abandonar a las personas, y no pod\u00e9s abandonar al paciente, y menos a un jubilado. Es una locura lo que han hecho\u201d, sentenci\u00f3.<\/p>\n\n\n\n<h2 class=\"wp-block-heading\" id=\"h-atencion-incipiente-y-pami-revisa-valores-a-nivel-nacional\">Atenci\u00f3n incipiente y PAMI revisa valores a nivel nacional<\/h2>\n\n\n\n<p>A pesar del conflicto con la dirigencia de AMOT, Rivas S\u00e1nchez se\u00f1al\u00f3 que, tras la filtraci\u00f3n de la medida precautoria,&nbsp;<strong>algunos traumat\u00f3logos \u201cse han dado cuenta\u201d y \u201ccomenzaron a atender por afuera de AMOT\u201d<\/strong>, incluso \u201csin haber hablado de plata\u201d. \u201cPr\u00e1cticamente, todos los traumat\u00f3logos est\u00e1n atendiendo\u201d, dijo, aunque reconoci\u00f3 que \u201chay una sola cl\u00ednica que tiene alg\u00fan problema todav\u00eda, porque est\u00e1n los miembros de la comisi\u00f3n directiva\u201d trabajando all\u00ed.<\/p>\n\n\n\n<p>En cuanto a la soluci\u00f3n de fondo, el titular de ACLISA revel\u00f3 que el PAMI \u201cnos va a reconsiderar los valores y va a reconsiderar la forma de pago. Esto est\u00e1 hablado, y lo estamos hablando a nivel nacional, y en unos d\u00edas m\u00e1s esto va a salir\u201d. Aclar\u00f3 que la complejidad radica en que cualquier acuerdo para Mendoza debe extenderse a todo el pa\u00eds, ya que \u201clos n\u00fameros son iguales para todos lados\u201d.<\/p>\n\n\n\n<p><strong>Fuente: www.elsol.com.ar<\/strong><\/p>\n","protected":false},"excerpt":{"rendered":"<p>El conflicto entre las\u00a0cl\u00ednicas privadas\u00a0de Mendoza y los\u00a0traumat\u00f3logos, nucleados en la Asociaci\u00f3n Mendocina de Ortopedia y Traumatolog\u00eda (AMOT), escal\u00f3 nuevamente, dejando a los afiliados del PAMI sin atenci\u00f3n en servicios esenciales como emergencias, urgencias y cirug\u00edas programadas. Jos\u00e9 Rivas S\u00e1nchez, titular de ACLISA (Asociaci\u00f3n de Cl\u00ednicas y Sanatorios de Mendoza),\u00a0no dud\u00f3 en responsabilizar a la [&hellip;]<\/p>\n","protected":false},"author":2,"featured_media":13427,"comment_status":"open","ping_status":"open","sticky":false,"template":"","format":"standard","meta":[],"categories":[89],"tags":[],"_links":{"self":[{"href":"https:\/\/pasaenmendoza.com\/index.php?rest_route=\/wp\/v2\/posts\/13426"}],"collection":[{"href":"https:\/\/pasaenmendoza.com\/index.php?rest_route=\/wp\/v2\/posts"}],"about":[{"href":"https:\/\/pasaenmendoza.com\/index.php?rest_route=\/wp\/v2\/types\/post"}],"author":[{"embeddable":true,"href":"https:\/\/pasaenmendoza.com\/index.php?rest_route=\/wp\/v2\/users\/2"}],"replies":[{"embeddable":true,"href":"https:\/\/pasaenmendoza.com\/index.php?rest_route=%2Fwp%2Fv2%2Fcomments&post=13426"}],"version-history":[{"count":1,"href":"https:\/\/pasaenmendoza.com\/index.php?rest_route=\/wp\/v2\/posts\/13426\/revisions"}],"predecessor-version":[{"id":13428,"href":"https:\/\/pasaenmendoza.com\/index.php?rest_route=\/wp\/v2\/posts\/13426\/revisions\/13428"}],"wp:featuredmedia":[{"embeddable":true,"href":"https:\/\/pasaenmendoza.com\/index.php?rest_route=\/wp\/v2\/media\/13427"}],"wp:attachment":[{"href":"https:\/\/pasaenmendoza.com\/index.php?rest_route=%2Fwp%2Fv2%2Fmedia&parent=13426"}],"wp:term":[{"taxonomy":"category","embeddable":true,"href":"https:\/\/pasaenmendoza.com\/index.php?rest_route=%2Fwp%2Fv2%2Fcategories&post=13426"},{"taxonomy":"post_tag","embeddable":true,"href":"https:\/\/pasaenmendoza.com\/index.php?rest_route=%2Fwp%2Fv2%2Ftags&post=13426"}],"curies":[{"name":"wp","href":"https:\/\/api.w.org\/{rel}","templated":true}]}}