{"id":13433,"date":"2025-06-11T23:36:19","date_gmt":"2025-06-11T21:36:19","guid":{"rendered":"https:\/\/pasaenmendoza.com\/?p=13433"},"modified":"2025-06-11T23:36:21","modified_gmt":"2025-06-11T21:36:21","slug":"calvente-inicio-las-gestiones-para-quedarse-con-el-procrear-de-guaymallen-y-crear-un-fideicomiso","status":"publish","type":"post","link":"https:\/\/pasaenmendoza.com\/?p=13433","title":{"rendered":"Calvente inici\u00f3 las gestiones para quedarse con el Procrear de Guaymall\u00e9n y crear un fideicomiso"},"content":{"rendered":"\n<p>Luego de que\u00a0<strong>Javier Milei<\/strong>\u00a0decidiera disolver el Fondo Fiduciario P\u00fablico Programa Cr\u00e9dito Argentino del Bicentenario para la Vivienda \u00danica Familiar (<strong>Procrear<\/strong>) y le pasara la administraci\u00f3n de los pr\u00e9stamos vigente a un banco privado, el intendente de Guaymall\u00e9n,\u00a0<strong>Marcos Calvente<\/strong>, avanz\u00f3 con las gestiones para quedarse con un barrio de 504 casas que lleva m\u00e1s de un a\u00f1o paralizado.<\/p>\n\n\n\n<p>Se trata del barrio de&nbsp;<strong>Procrear&nbsp;<\/strong>que se inici\u00f3 a fines del 2022, en la gesti\u00f3n de Alberto Fern\u00e1ndez luego de que el presidente del INV de aquel momento, Mart\u00edn Hinojosa, decidiera donar el terreno de calle Tirasso.<\/p>\n\n\n\n<p>Si bien la obra se le adjudic\u00f3 a una UTE que conformaron las constructoras Laugero Construcciones, OHA y Corporaci\u00f3n del Sur, ellas s\u00f3lo sentaron las bases del barrio y la obra se paraliz\u00f3 s\u00f3lo con el 16% de avance.<\/p>\n\n\n\n<p>El barrio del Procrear de Guaymall\u00e9n lleva m\u00e1s de un a\u00f1o paralizado y ahora el intendente buscar\u00e1 quedarse con el terreno y la obra.<\/p>\n\n\n\n<p>De hecho, ya en agosto del a\u00f1o pasado, cuando la obra p\u00fablica nacional acumulaba varios meses de paralizaci\u00f3n, el intendente guaymallino se reuni\u00f3 con las autoridades del&nbsp;<strong>Banco Hipotecario<\/strong>&nbsp;para presentarles dos propuestas: por un lado sostener el fideicomiso del Procrear con la colaboraci\u00f3n de los gobiernos municipal y provincial y con el aporte de privados, y por otro lado estaba la opci\u00f3n de que Naci\u00f3n dejara el proyecto y que avanzara como una obra p\u00fablico-privada.<\/p>\n\n\n\n<p>Ahora con la ratificaci\u00f3n de la disoluci\u00f3n del Fideicomiso que sosten\u00eda el&nbsp;<strong>Procrear<\/strong>, el intendente&nbsp;<strong>Marcos Calvente<\/strong>&nbsp;admiti\u00f3 que eval\u00faa quedarse con el terreno y el estado de obra y crear un nuevo fideicomiso.<\/p>\n\n\n\n<p>El barrio de Procrear en Guaymall\u00e9n tiene s\u00f3lo un 16% de avance de obra y lleva m\u00e1s de un a\u00f1o paralizado.<\/p>\n\n\n\n<p>&#8220;Con ese 16% de avance que hay, se debe que hacer un an\u00e1lisis y un estudio t\u00e9cnico para ver qu\u00e9 se puede reutilizar porque son estructuras que llevan casi ya un a\u00f1o de abandono y pueden haber sufrido por las inclemencias clim\u00e1ticas alg\u00fan tipo de da\u00f1o. As\u00ed que estamos realizando las tramitaciones para adquirir ese bien y una vez adquirido tratar de armar un nuevo fideicomiso con participaci\u00f3n p\u00fablica y estatal. A partir de la Municipalidad de Guaymall\u00e9n poner distintos bienes a favor de ese fideicomiso&#8221;.<\/p>\n\n\n\n<h2 class=\"wp-block-heading\">C\u00f3mo podr\u00eda avanzar ese barrio del Procrear<\/h2>\n\n\n\n<p>Seg\u00fan lo que eval\u00faa el jefe comunal, una de las opciones para sostener el avance de ese barrio del<strong>&nbsp;Procrear&nbsp;<\/strong>ser\u00eda dividir por un lado la adquisici\u00f3n del inmueble con las infraestructuras adheridas, y aparte las obras de infraestructura y urbanismo que necesita.<\/p>\n\n\n\n<p>El intendente de Guaymall\u00e9n, Marcos Calvente, admiti\u00f3 que buscar\u00e1 la adquisici\u00f3n del barrio del Procrear que est\u00e1 paralizado desde hace m\u00e1s de un a\u00f1o.<\/p>\n\n\n\n<p>&#8220;Y despu\u00e9s que el \u00e1mbito privado complete la inversi\u00f3n para salir a ofrecer a los&nbsp;<strong>vecinos de Guaymall\u00e9n<\/strong>&nbsp;una soluci\u00f3n habitacional&#8221;, adelant\u00f3 Calvente.<\/p>\n\n\n\n<p>Aunque reconoci\u00f3 que eso depender\u00e1 de la tasaci\u00f3n que realice del inmueble el&nbsp;<strong>Tribunal de Tasaci\u00f3n de la Naci\u00f3n<\/strong>.<\/p>\n\n\n\n<p>&#8220;Vamos a evaluar esa tasaci\u00f3n y vamos a evaluar la pertinencia de esa tasaci\u00f3n. Y si desarrollamos una herramienta administrativa que nos permita configurar un desarrollo inmobiliario p\u00fablico-estatal en ese predio. Vamos a avanzar en la compra y luego darle curso a ese fideicomiso para la constituci\u00f3n del inmueble&#8221;, proyect\u00f3.<\/p>\n\n\n\n<p><strong>Fuente: www.diariouno.com.ar<\/strong><\/p>\n","protected":false},"excerpt":{"rendered":"<p>Luego de que\u00a0Javier Milei\u00a0decidiera disolver el Fondo Fiduciario P\u00fablico Programa Cr\u00e9dito Argentino del Bicentenario para la Vivienda \u00danica Familiar (Procrear) y le pasara la administraci\u00f3n de los pr\u00e9stamos vigente a un banco privado, el intendente de Guaymall\u00e9n,\u00a0Marcos Calvente, avanz\u00f3 con las gestiones para quedarse con un barrio de 504 casas que lleva m\u00e1s de un [&hellip;]<\/p>\n","protected":false},"author":2,"featured_media":13434,"comment_status":"open","ping_status":"open","sticky":false,"template":"","format":"standard","meta":[],"categories":[68],"tags":[],"_links":{"self":[{"href":"https:\/\/pasaenmendoza.com\/index.php?rest_route=\/wp\/v2\/posts\/13433"}],"collection":[{"href":"https:\/\/pasaenmendoza.com\/index.php?rest_route=\/wp\/v2\/posts"}],"about":[{"href":"https:\/\/pasaenmendoza.com\/index.php?rest_route=\/wp\/v2\/types\/post"}],"author":[{"embeddable":true,"href":"https:\/\/pasaenmendoza.com\/index.php?rest_route=\/wp\/v2\/users\/2"}],"replies":[{"embeddable":true,"href":"https:\/\/pasaenmendoza.com\/index.php?rest_route=%2Fwp%2Fv2%2Fcomments&post=13433"}],"version-history":[{"count":1,"href":"https:\/\/pasaenmendoza.com\/index.php?rest_route=\/wp\/v2\/posts\/13433\/revisions"}],"predecessor-version":[{"id":13435,"href":"https:\/\/pasaenmendoza.com\/index.php?rest_route=\/wp\/v2\/posts\/13433\/revisions\/13435"}],"wp:featuredmedia":[{"embeddable":true,"href":"https:\/\/pasaenmendoza.com\/index.php?rest_route=\/wp\/v2\/media\/13434"}],"wp:attachment":[{"href":"https:\/\/pasaenmendoza.com\/index.php?rest_route=%2Fwp%2Fv2%2Fmedia&parent=13433"}],"wp:term":[{"taxonomy":"category","embeddable":true,"href":"https:\/\/pasaenmendoza.com\/index.php?rest_route=%2Fwp%2Fv2%2Fcategories&post=13433"},{"taxonomy":"post_tag","embeddable":true,"href":"https:\/\/pasaenmendoza.com\/index.php?rest_route=%2Fwp%2Fv2%2Ftags&post=13433"}],"curies":[{"name":"wp","href":"https:\/\/api.w.org\/{rel}","templated":true}]}}