{"id":13440,"date":"2025-06-12T16:06:28","date_gmt":"2025-06-12T14:06:28","guid":{"rendered":"https:\/\/pasaenmendoza.com\/?p=13440"},"modified":"2025-06-12T16:06:29","modified_gmt":"2025-06-12T14:06:29","slug":"un-motociclista-choco-contra-dos-autos-y-murio-en-ciudad","status":"publish","type":"post","link":"https:\/\/pasaenmendoza.com\/?p=13440","title":{"rendered":"Un motociclista choc\u00f3 contra dos autos y muri\u00f3 en Ciudad"},"content":{"rendered":"\n<p>Un\u00a0<strong>motociclista falleci\u00f3 en un tr\u00e1gico accidente<\/strong>\u00a0ocurrido anoche en la intersecci\u00f3n de\u00a0<strong>Avenida del Libertador y Los Andes<\/strong>, en la\u00a0<strong>Ciudad de Mendoza<\/strong>.La v\u00edctima fatal fue identificada como\u00a0<strong>Ricardo Ismael Castro Rold\u00e1n,\u00a0<\/strong>de 33 a\u00f1os.<\/p>\n\n\n\n<p>Seg\u00fan el informe de Seguridad, el siniestro involucr\u00f3 a una motocicleta\u00a0<strong>Honda 150CC<\/strong>, que circulaba por Libertador sin luces encendidas en direcci\u00f3n este.\u00a0<\/p>\n\n\n\n<p>Al llegar al barrio Escorihuela, la motocicleta colision\u00f3 con un autom\u00f3vil\u00a0<strong>Chevrolet Onix<\/strong>, que se desplazaba hacia el oeste y gir\u00f3 a la izquierda.\u00a0<\/p>\n\n\n\n<p>Tras el impacto, la motocicleta continu\u00f3 su trayectoria y choc\u00f3 contra otro veh\u00edculo, un&nbsp;<strong>Chevrolet Corsa&nbsp;<\/strong>que circulaba detr\u00e1s del Onix.<\/p>\n\n\n\n<p>Al lugar llegaron profesionales m\u00e9dicos del Servicio de Emergencia Coordinado, quienes confirmaron el deceso del hombre de 33 a\u00f1os.\u00a0 Los tests de alcoholemia realizados a ambos conductores arrojaron resultados negativos, con 0,0 g\/l de alcohol en sangre.<\/p>\n\n\n\n<p><strong>Fuente: www.mendozapost.com<\/strong><\/p>\n","protected":false},"excerpt":{"rendered":"<p>Un\u00a0motociclista falleci\u00f3 en un tr\u00e1gico accidente\u00a0ocurrido anoche en la intersecci\u00f3n de\u00a0Avenida del Libertador y Los Andes, en la\u00a0Ciudad de Mendoza.La v\u00edctima fatal fue identificada como\u00a0Ricardo Ismael Castro Rold\u00e1n,\u00a0de 33 a\u00f1os. Seg\u00fan el informe de Seguridad, el siniestro involucr\u00f3 a una motocicleta\u00a0Honda 150CC, que circulaba por Libertador sin luces encendidas en direcci\u00f3n este.\u00a0 Al llegar al [&hellip;]<\/p>\n","protected":false},"author":2,"featured_media":13441,"comment_status":"open","ping_status":"open","sticky":false,"template":"","format":"standard","meta":[],"categories":[48],"tags":[],"_links":{"self":[{"href":"https:\/\/pasaenmendoza.com\/index.php?rest_route=\/wp\/v2\/posts\/13440"}],"collection":[{"href":"https:\/\/pasaenmendoza.com\/index.php?rest_route=\/wp\/v2\/posts"}],"about":[{"href":"https:\/\/pasaenmendoza.com\/index.php?rest_route=\/wp\/v2\/types\/post"}],"author":[{"embeddable":true,"href":"https:\/\/pasaenmendoza.com\/index.php?rest_route=\/wp\/v2\/users\/2"}],"replies":[{"embeddable":true,"href":"https:\/\/pasaenmendoza.com\/index.php?rest_route=%2Fwp%2Fv2%2Fcomments&post=13440"}],"version-history":[{"count":1,"href":"https:\/\/pasaenmendoza.com\/index.php?rest_route=\/wp\/v2\/posts\/13440\/revisions"}],"predecessor-version":[{"id":13442,"href":"https:\/\/pasaenmendoza.com\/index.php?rest_route=\/wp\/v2\/posts\/13440\/revisions\/13442"}],"wp:featuredmedia":[{"embeddable":true,"href":"https:\/\/pasaenmendoza.com\/index.php?rest_route=\/wp\/v2\/media\/13441"}],"wp:attachment":[{"href":"https:\/\/pasaenmendoza.com\/index.php?rest_route=%2Fwp%2Fv2%2Fmedia&parent=13440"}],"wp:term":[{"taxonomy":"category","embeddable":true,"href":"https:\/\/pasaenmendoza.com\/index.php?rest_route=%2Fwp%2Fv2%2Fcategories&post=13440"},{"taxonomy":"post_tag","embeddable":true,"href":"https:\/\/pasaenmendoza.com\/index.php?rest_route=%2Fwp%2Fv2%2Ftags&post=13440"}],"curies":[{"name":"wp","href":"https:\/\/api.w.org\/{rel}","templated":true}]}}