{"id":13443,"date":"2025-06-12T16:15:14","date_gmt":"2025-06-12T14:15:14","guid":{"rendered":"https:\/\/pasaenmendoza.com\/?p=13443"},"modified":"2025-06-12T16:15:15","modified_gmt":"2025-06-12T14:15:15","slug":"un-micro-choco-contra-una-rama-frente-al-poder-judicial","status":"publish","type":"post","link":"https:\/\/pasaenmendoza.com\/?p=13443","title":{"rendered":"Un micro choc\u00f3 contra una rama frente al Poder Judicial"},"content":{"rendered":"\n<p>Durante la ma\u00f1ana de este jueves, un\u00a0<strong>colectivo de la l\u00ednea 700 choc\u00f3 contra una rama\u00a0<\/strong>en el Parque C\u00edvicode la Ciudad de Mendoza, donde ven\u00eda trasladando varias personas a bordo.<\/p>\n\n\n\n<p>Seg\u00fan ha podido conocer el\u00a0<em>Post<\/em>, el accidente tuvo lugar aproximadamente a las\u00a0<strong>8 horas<\/strong>\u00a0en la calle<strong>\u00a0Patricias Mendocinas\u00a0<\/strong>casi\u00a0Pedro Molina, frente al Poder Judicial, cuando el \u00f3mnibus ven\u00eda transitando por el lado derecho de dicha arteria e impact\u00f3 con su\u00a0<strong>equipo de aire acondicionado<\/strong>\u00a0(parte superior del rodado) contra la rama que estaba sobre la calzada.<\/p>\n\n\n\n<p>El micro result\u00f3 con varios da\u00f1os en su estructura y casi todas las personas que estaban a bordo salieron ilesas, a excepci\u00f3n de una mujer que requiri\u00f3 de\u00a0<strong>asistencia m\u00e9dica<\/strong>\u00a0debido a que es paciente con tratamiento oncol\u00f3gico y que justamente habr\u00eda entrado en estado de shock tras el accidente.<\/p>\n\n\n\n<p><strong>Fuente: www.mendozapost.com<\/strong><\/p>\n","protected":false},"excerpt":{"rendered":"<p>Durante la ma\u00f1ana de este jueves, un\u00a0colectivo de la l\u00ednea 700 choc\u00f3 contra una rama\u00a0en el Parque C\u00edvicode la Ciudad de Mendoza, donde ven\u00eda trasladando varias personas a bordo. Seg\u00fan ha podido conocer el\u00a0Post, el accidente tuvo lugar aproximadamente a las\u00a08 horas\u00a0en la calle\u00a0Patricias Mendocinas\u00a0casi\u00a0Pedro Molina, frente al Poder Judicial, cuando el \u00f3mnibus ven\u00eda transitando [&hellip;]<\/p>\n","protected":false},"author":2,"featured_media":13444,"comment_status":"open","ping_status":"open","sticky":false,"template":"","format":"standard","meta":[],"categories":[48],"tags":[],"_links":{"self":[{"href":"https:\/\/pasaenmendoza.com\/index.php?rest_route=\/wp\/v2\/posts\/13443"}],"collection":[{"href":"https:\/\/pasaenmendoza.com\/index.php?rest_route=\/wp\/v2\/posts"}],"about":[{"href":"https:\/\/pasaenmendoza.com\/index.php?rest_route=\/wp\/v2\/types\/post"}],"author":[{"embeddable":true,"href":"https:\/\/pasaenmendoza.com\/index.php?rest_route=\/wp\/v2\/users\/2"}],"replies":[{"embeddable":true,"href":"https:\/\/pasaenmendoza.com\/index.php?rest_route=%2Fwp%2Fv2%2Fcomments&post=13443"}],"version-history":[{"count":1,"href":"https:\/\/pasaenmendoza.com\/index.php?rest_route=\/wp\/v2\/posts\/13443\/revisions"}],"predecessor-version":[{"id":13445,"href":"https:\/\/pasaenmendoza.com\/index.php?rest_route=\/wp\/v2\/posts\/13443\/revisions\/13445"}],"wp:featuredmedia":[{"embeddable":true,"href":"https:\/\/pasaenmendoza.com\/index.php?rest_route=\/wp\/v2\/media\/13444"}],"wp:attachment":[{"href":"https:\/\/pasaenmendoza.com\/index.php?rest_route=%2Fwp%2Fv2%2Fmedia&parent=13443"}],"wp:term":[{"taxonomy":"category","embeddable":true,"href":"https:\/\/pasaenmendoza.com\/index.php?rest_route=%2Fwp%2Fv2%2Fcategories&post=13443"},{"taxonomy":"post_tag","embeddable":true,"href":"https:\/\/pasaenmendoza.com\/index.php?rest_route=%2Fwp%2Fv2%2Ftags&post=13443"}],"curies":[{"name":"wp","href":"https:\/\/api.w.org\/{rel}","templated":true}]}}