{"id":13456,"date":"2025-06-13T00:29:48","date_gmt":"2025-06-12T22:29:48","guid":{"rendered":"https:\/\/pasaenmendoza.com\/?p=13456"},"modified":"2025-06-13T00:29:49","modified_gmt":"2025-06-12T22:29:49","slug":"traumatologos-reanudaron-el-servicio-en-otra-clinica-y-solo-quedan-cuatro-hospitales-sin-atender-por-pami","status":"publish","type":"post","link":"https:\/\/pasaenmendoza.com\/?p=13456","title":{"rendered":"Traumat\u00f3logos reanudaron el servicio en otra cl\u00ednica y s\u00f3lo quedan cuatro hospitales sin atender por PAMI"},"content":{"rendered":"\n<p>A cuentagotas asoma una soluci\u00f3n para los\u00a0<strong>jubilados<\/strong>\u00a0del\u00a0<strong>PAMI<\/strong>\u00a0con\u00a0<strong>problemas traumatol\u00f3gicos<\/strong>. Los 30 profesionales que decidieron dejar de recibir la obra social nacional llegaron a un acuerdo con la\u00a0<strong>cl\u00ednica<\/strong>\u00a0Santa Mar\u00eda y firmaron un stand by al conflicto hasta el jueves 26.<\/p>\n\n\n\n<p>Para esa fecha, seg\u00fan explicaron distintos especialistas en conflicto, desde el hospital deber\u00e1n firmar el acuerdo final con las condiciones que surjan de la negociaci\u00f3n entre los responsables de los sanatorios y los profesionales. Mientras tanto, los&nbsp;<strong>m\u00e9dicos&nbsp;<\/strong>atender\u00e1n con normalidad.<\/p>\n\n\n\n<p>En otros casos, como el de la cl\u00ednicas privadas Santa Clara y la Sociedad Espa\u00f1ola, las partes llegaron a un entendimiento a fines de abril y el conflicto est\u00e1 saldado.<\/p>\n\n\n\n<p>Los jubilados del PAMI ya pueden atenderse por traumatolog\u00eda en la cl\u00ednica Santa Mar\u00eda, Santa Clara y la Sociedad Espa\u00f1ola.<\/p>\n\n\n\n<p>La situaci\u00f3n es distinta en el Hospital Privado, Santa Isabel, Italiano y A mano, donde no hay&nbsp;<strong>servicio de traumatolog\u00eda<\/strong>&nbsp;para los pacientes que quieran atenderse por&nbsp;<strong>PAMI.<\/strong>&nbsp;&#8220;Est\u00e1n esperando que Naci\u00f3n se expida por un dictamen que no implica nada sobre los m\u00e9dicos ni de los actos m\u00e9dicos, es solo algo administrativo&#8221;, se\u00f1al\u00f3 una fuente.<\/p>\n\n\n\n<p>&#8220;Si ellos quieren imponer un valor debajo de lo que pedimos, no hay ning\u00fan problema, que busquen profesionales que quieran trabajar por esa plata&#8221;, desliz\u00f3 uno de los especialistas que renunci\u00f3 por los &#8220;bajos valores que pagan las cl\u00ednicas por pacientes de\u00a0<strong>PAMI&#8221;<\/strong>\u00a0y que restableci\u00f3 sus servicios en las\u00a0<strong>cl\u00ednicas<\/strong>\u00a0que cooperaron para mejorar la situaci\u00f3n laboral.<\/p>\n\n\n\n<h2 class=\"wp-block-heading\">El conflicto entre los traumat\u00f3logos y las cl\u00ednicas lleg\u00f3 a la Naci\u00f3n<\/h2>\n\n\n\n<p>Las cl\u00ednicas que a\u00fan est\u00e1n en disputa con los profesionales presentaron una\u00a0denuncia ante la Comisi\u00f3n de Defensa de la Competencia\u00a0por una supuesta &#8220;cartelizaci\u00f3n en el mercado de los servicios de\u00a0<strong>traumatolog\u00eda<\/strong>\u00a0a los\u00a0<strong>afiliados del PAMI<\/strong>&#8221; que fue bien recibida. La fundamentaron a trav\u00e9s de tres pr\u00e1cticas que consideraron restrictivas:<\/p>\n\n\n\n<ol>\n<li>Fijaci\u00f3n del precio de servicios al que se ofrecen en el mercado;<\/li>\n\n\n\n<li>Suspensi\u00f3n de la provisi\u00f3n de un servicio monop\u00f3lico dominante en el mercado a un prestatario de servicios p\u00fablicos o de inter\u00e9s p\u00fablico;<\/li>\n\n\n\n<li>Impedir, dificultar u obstaculizar a terceras personas la entrada o permanencia en un mercado o excluirlas de \u00e9ste.<\/li>\n<\/ol>\n\n\n\n<p>La respuesta de la comisi\u00f3n fue positiva para los gerentes de las cl\u00ednicas y se\u00f1alaron que la conducta de los&nbsp;<strong>m\u00e9dicos traumat\u00f3logos<\/strong>&nbsp;\u201cpodr\u00eda dejar colapsado el servicio de traumatolog\u00eda, no solo para pacientes de&nbsp;<strong>PAMI<\/strong>, sino a la poblaci\u00f3n en general\u201d.<\/p>\n\n\n\n<p>El conflicto entre traumat\u00f3logos y cl\u00ednicas empez\u00f3 a fines de marzo y lleva casi tres meses.<\/p>\n\n\n\n<h2 class=\"wp-block-heading\">Defensa de la competencia pidi\u00f3 resolver el conflicto con los traumat\u00f3logos de forma r\u00e1pida<\/h2>\n\n\n\n<p>Por lo que opinaron ante la secretar\u00eda de Industria y Comercio, quienes deben tomar la decisi\u00f3n final para obligar a los profesionales a restaurar el servicio, &#8220;que hay que tomar un recaudo por el&nbsp;<strong>peligro<\/strong>&nbsp;en la demora, el cual, en materia de defensa de la competencia, se identifica con la&nbsp;<strong>urgencia<\/strong>&nbsp;en evitar o hacer cesar un&nbsp;<strong>da\u00f1o<\/strong>, concreto o potencial a la competencia y\/o al inter\u00e9s econ\u00f3mico general\u201d.<\/p>\n\n\n\n<p>En caso de no dictarse la medida de tutela anticipada afirmaron que \u201cel trascurso del tiempo puede consolidar una situaci\u00f3n que potencialmente tendr\u00eda al menos la potencialidad para generar un&nbsp;<strong>perjuicio<\/strong>&nbsp;al inter\u00e9s econ\u00f3mico general\u201d.<\/p>\n\n\n\n<p>Por todo esto, le pidi\u00f3 a la secretar\u00eda nacional que \u201cAMOT (la Asociaci\u00f3n Mendocina de Ortopedia y Traumatolog\u00eda) se abstenga en forma inmediata de suspender la prestaci\u00f3n de cualquier servicio\u00a0<strong>m\u00e9dico traumatol\u00f3gico<\/strong>\u00a0a los jubilados de PAMI; suspender respecto a las denunciantes, la aplicaci\u00f3n de cualquier listado de precios referido a la actividad profesional de los asociados que brindan su atenci\u00f3n a los afiliados; y restablecer de inmediato la normal atenci\u00f3n, respetando las condiciones vigentes al d\u00eda 31 de marzo de 2025\u201d.<\/p>\n\n\n\n<p><strong>Fuente: www.diariouno.com.ar<\/strong><\/p>\n","protected":false},"excerpt":{"rendered":"<p>A cuentagotas asoma una soluci\u00f3n para los\u00a0jubilados\u00a0del\u00a0PAMI\u00a0con\u00a0problemas traumatol\u00f3gicos. Los 30 profesionales que decidieron dejar de recibir la obra social nacional llegaron a un acuerdo con la\u00a0cl\u00ednica\u00a0Santa Mar\u00eda y firmaron un stand by al conflicto hasta el jueves 26. Para esa fecha, seg\u00fan explicaron distintos especialistas en conflicto, desde el hospital deber\u00e1n firmar el acuerdo final [&hellip;]<\/p>\n","protected":false},"author":2,"featured_media":13457,"comment_status":"open","ping_status":"open","sticky":false,"template":"","format":"standard","meta":[],"categories":[89],"tags":[],"_links":{"self":[{"href":"https:\/\/pasaenmendoza.com\/index.php?rest_route=\/wp\/v2\/posts\/13456"}],"collection":[{"href":"https:\/\/pasaenmendoza.com\/index.php?rest_route=\/wp\/v2\/posts"}],"about":[{"href":"https:\/\/pasaenmendoza.com\/index.php?rest_route=\/wp\/v2\/types\/post"}],"author":[{"embeddable":true,"href":"https:\/\/pasaenmendoza.com\/index.php?rest_route=\/wp\/v2\/users\/2"}],"replies":[{"embeddable":true,"href":"https:\/\/pasaenmendoza.com\/index.php?rest_route=%2Fwp%2Fv2%2Fcomments&post=13456"}],"version-history":[{"count":1,"href":"https:\/\/pasaenmendoza.com\/index.php?rest_route=\/wp\/v2\/posts\/13456\/revisions"}],"predecessor-version":[{"id":13458,"href":"https:\/\/pasaenmendoza.com\/index.php?rest_route=\/wp\/v2\/posts\/13456\/revisions\/13458"}],"wp:featuredmedia":[{"embeddable":true,"href":"https:\/\/pasaenmendoza.com\/index.php?rest_route=\/wp\/v2\/media\/13457"}],"wp:attachment":[{"href":"https:\/\/pasaenmendoza.com\/index.php?rest_route=%2Fwp%2Fv2%2Fmedia&parent=13456"}],"wp:term":[{"taxonomy":"category","embeddable":true,"href":"https:\/\/pasaenmendoza.com\/index.php?rest_route=%2Fwp%2Fv2%2Fcategories&post=13456"},{"taxonomy":"post_tag","embeddable":true,"href":"https:\/\/pasaenmendoza.com\/index.php?rest_route=%2Fwp%2Fv2%2Ftags&post=13456"}],"curies":[{"name":"wp","href":"https:\/\/api.w.org\/{rel}","templated":true}]}}