{"id":13459,"date":"2025-06-13T00:33:04","date_gmt":"2025-06-12T22:33:04","guid":{"rendered":"https:\/\/pasaenmendoza.com\/?p=13459"},"modified":"2025-06-13T00:33:05","modified_gmt":"2025-06-12T22:33:05","slug":"cornejo-compro-3-000-chalecos-antibalas-para-los-policias-de-mendoza","status":"publish","type":"post","link":"https:\/\/pasaenmendoza.com\/?p=13459","title":{"rendered":"Cornejo compr\u00f3 3.000 chalecos antibalas para los polic\u00edas de Mendoza"},"content":{"rendered":"\n<p>El\u00a0<strong>Gobierno de Mendoza<\/strong>\u00a0oficializ\u00f3 la compra de\u00a0<strong>3.000 chalecos antibalas<\/strong>\u00a0de la firma Armoring Systems. El equipo ser\u00e1 destinado a las fuerzas de seguridad de la provincia, a trav\u00e9s del Ministerio de Seguridad y Justicia.<\/p>\n\n\n\n<p>La compra se oficializ\u00f3 a trav\u00e9s del\u00a0<strong>Bolet\u00edn Oficial<\/strong>\u00a0e incluye chalecos para polic\u00edas y penitenciarios. Fuentes oficiales detallaron que &#8220;la decisi\u00f3n responde a criterios t\u00e9cnicos y m\u00e9dicos detallados por la Divisi\u00f3n Arsenales del\u00a0<strong>Ministerio de Seguridad y Justicia<\/strong>, que recomend\u00f3 espec\u00edficamente este modelo por su mejor adaptaci\u00f3n a la funci\u00f3n&#8221;.<\/p>\n\n\n\n<h2 class=\"wp-block-heading\">C\u00f3mo son los nuevos chalecos antibalas de la Polic\u00eda<\/h2>\n\n\n\n<p>La informaci\u00f3n que lleg\u00f3 desde el gobierno de&nbsp;<strong>Alfredo Cornejo<\/strong>&nbsp;marca que el uso de los chalecos &#8220;influye directamente en el rendimiento del personal, ya que su peso puede causar fatiga, afecciones en la columna vertebral y otros trastornos f\u00edsicos que disminuyen la operatividad en el terreno\u201d, por lo cual la b\u00fasqueda de modelos m\u00e1s c\u00f3modos y modernos era una necesidad.<\/p>\n\n\n\n<p>En el an\u00e1lisis t\u00e9cnico se lee: \u201cLo que puede parecer insignificante desde el punto de vista nominal, en la pr\u00e1ctica deviene en un perjuicio cr\u00f3nico que afecta la eficacia de la fuerza\u201d.<\/p>\n\n\n\n<p>En consecuencia, se destaca la importancia de contar con &#8220;equipos livianos y ergon\u00f3micos, que reduzcan el riesgo de lesiones cr\u00f3nicas y aseguren condiciones \u00f3ptimas para el cumplimiento del servicio&#8221;.<\/p>\n\n\n\n<p>La adquisici\u00f3n implica dos \u00f3rdenes de compra, por 2.500 chalecos en una primera etapa y 500 adicionales, totalizando los&nbsp;<strong>3.000 equipos<\/strong>.<\/p>\n\n\n\n<p>La adquisici\u00f3n se suma a una serie que a lo largo del a\u00f1o ha incorporado al patrimonio del Ministerio de Seguridad y Justicia 50 nuevas camionetas, 20 motocicletas, radios, armas y tecnolog\u00eda de vigilancia en todas las zonas de la provincia.<\/p>\n\n\n\n<p><strong>Fuente: www.diariouno.com.ar<\/strong><\/p>\n","protected":false},"excerpt":{"rendered":"<p>El\u00a0Gobierno de Mendoza\u00a0oficializ\u00f3 la compra de\u00a03.000 chalecos antibalas\u00a0de la firma Armoring Systems. El equipo ser\u00e1 destinado a las fuerzas de seguridad de la provincia, a trav\u00e9s del Ministerio de Seguridad y Justicia. La compra se oficializ\u00f3 a trav\u00e9s del\u00a0Bolet\u00edn Oficial\u00a0e incluye chalecos para polic\u00edas y penitenciarios. Fuentes oficiales detallaron que &#8220;la decisi\u00f3n responde a criterios [&hellip;]<\/p>\n","protected":false},"author":2,"featured_media":13460,"comment_status":"open","ping_status":"open","sticky":false,"template":"","format":"standard","meta":[],"categories":[47],"tags":[],"_links":{"self":[{"href":"https:\/\/pasaenmendoza.com\/index.php?rest_route=\/wp\/v2\/posts\/13459"}],"collection":[{"href":"https:\/\/pasaenmendoza.com\/index.php?rest_route=\/wp\/v2\/posts"}],"about":[{"href":"https:\/\/pasaenmendoza.com\/index.php?rest_route=\/wp\/v2\/types\/post"}],"author":[{"embeddable":true,"href":"https:\/\/pasaenmendoza.com\/index.php?rest_route=\/wp\/v2\/users\/2"}],"replies":[{"embeddable":true,"href":"https:\/\/pasaenmendoza.com\/index.php?rest_route=%2Fwp%2Fv2%2Fcomments&post=13459"}],"version-history":[{"count":1,"href":"https:\/\/pasaenmendoza.com\/index.php?rest_route=\/wp\/v2\/posts\/13459\/revisions"}],"predecessor-version":[{"id":13461,"href":"https:\/\/pasaenmendoza.com\/index.php?rest_route=\/wp\/v2\/posts\/13459\/revisions\/13461"}],"wp:featuredmedia":[{"embeddable":true,"href":"https:\/\/pasaenmendoza.com\/index.php?rest_route=\/wp\/v2\/media\/13460"}],"wp:attachment":[{"href":"https:\/\/pasaenmendoza.com\/index.php?rest_route=%2Fwp%2Fv2%2Fmedia&parent=13459"}],"wp:term":[{"taxonomy":"category","embeddable":true,"href":"https:\/\/pasaenmendoza.com\/index.php?rest_route=%2Fwp%2Fv2%2Fcategories&post=13459"},{"taxonomy":"post_tag","embeddable":true,"href":"https:\/\/pasaenmendoza.com\/index.php?rest_route=%2Fwp%2Fv2%2Ftags&post=13459"}],"curies":[{"name":"wp","href":"https:\/\/api.w.org\/{rel}","templated":true}]}}