{"id":13466,"date":"2025-06-13T21:49:55","date_gmt":"2025-06-13T19:49:55","guid":{"rendered":"https:\/\/pasaenmendoza.com\/?p=13466"},"modified":"2025-06-13T21:49:57","modified_gmt":"2025-06-13T19:49:57","slug":"alfredo-cornejo-critico-al-pj-mendocino-por-no-apoyar-proyectos-de-sentido-comun-en-la-legislatura","status":"publish","type":"post","link":"https:\/\/pasaenmendoza.com\/?p=13466","title":{"rendered":"Alfredo Cornejo critic\u00f3 al PJ mendocino por no apoyar proyectos &#8220;de sentido com\u00fan&#8221; en la Legislatura"},"content":{"rendered":"\n<p>Este mi\u00e9rcoles la&nbsp;<strong>C\u00e1mara de Diputados de Mendoza<\/strong>&nbsp;tom\u00f3 dos decisiones importantes: aprob\u00f3 por amplia mayor\u00eda la suspensi\u00f3n de las PASO en la provincia y vot\u00f3 a favor del convenio de la provincia con Vialidad Nacional para mantener las rutas que dependen de la Naci\u00f3n.<\/p>\n\n\n\n<p>Como ninguno de los dos proyectos fue apoyado por el PJ provincial,<strong>\u00a0Alfredo Cornejo\u00a0<\/strong>los critic\u00f3, haci\u00e9ndolos cargo de no apoyar iniciativas que son \u201cde sentido com\u00fan\u201d.<\/p>\n\n\n\n<p>En di\u00e1logo con la periodista Paula Jalil de Hora Libre \u2013programa que emite Radio Nihuil- durante la reuni\u00f3n del Consejo Federal de Inversiones,&nbsp;<strong>Cornejo<\/strong>&nbsp;manifest\u00f3 que no entend\u00eda c\u00f3mo los legisladores de San Rafael no votaban a favor de un acuerdo para mantener las rutas sabiendo en el estado que se encuentran, por ejemplo, la Ruta Nacional N\u00b0143.<\/p>\n\n\n\n<p>Tambi\u00e9n destac\u00f3, en cuanto a las&nbsp;<strong>PASO<\/strong>, que si buscaban precisiones, ya las tienen. Pero igualmente no las apoyan.<\/p>\n\n\n\n<p>El gobernador Alfredo Cornejo dijo que en la Legislatura, el Gobierno est\u00e1 logrando amplio apoyo para proyectos de &#8220;sentido com\u00fan&#8221; que el PJ no avala.<\/p>\n\n\n\n<h2 class=\"wp-block-heading\">Qu\u00e9 dijo Cornejo sobre las PASO<\/h2>\n\n\n\n<p>El gobernador&nbsp;<strong>Alfredo Cornejo<\/strong>&nbsp;defendi\u00f3 el proyecto que apoy\u00f3 el oficialismo y que suspende las elecciones&nbsp;<strong>PASO<\/strong>&nbsp;provinciales en 2025, al se\u00f1alar que no hay necesidad de realizarlas si el cronograma electoral se unifica con las elecciones nacionales, donde ya fueron eliminadas. Aclar\u00f3 que Mendoza no renuncia a su r\u00e9gimen electoral propio \u2014que prev\u00e9 primarias en abril de cada a\u00f1o electoral\u2014 pero su aplicaci\u00f3n depender\u00e1 de factores como los costos y decisiones futuras. Desestim\u00f3 las cr\u00edticas opositoras que advierten sobre una supuesta \u201cjugada oculta\u201d para 2026.<\/p>\n\n\n\n<p>Tambi\u00e9n realiz\u00f3 una cr\u00edtica al peronismo cuando argument\u00f3: \u201cSe quejaban de que no ten\u00edan precisiones sobre las elecciones \u00bfQuer\u00edan certeza sobre eso? Ah\u00ed la hay, no hay\u00a0<strong>PASO<\/strong>. Para m\u00ed era bastante obvio porque el cronograma electoral es unificado&#8221;. E inmediatamente despu\u00e9s asegur\u00f3: \u201cAyer -por el mi\u00e9rcoles- m\u00e1s de dos tercios de la C\u00e1mara vot\u00f3 la suspensi\u00f3n\u201d.<\/p>\n\n\n\n<h2 class=\"wp-block-heading\">Proyectos de &#8220;sentido com\u00fan&#8221;<\/h2>\n\n\n\n<p>Cornejo justific\u00f3 la decisi\u00f3n de la provincia de firmar un convenio para hacerse cargo del mantenimiento de rutas nacionales, algo que \u2014seg\u00fan admiti\u00f3\u2014 corresponde al gobierno de Javier Milei. Afirm\u00f3 que es una medida de &#8220;sentido com\u00fan&#8221; para evitar que las rutas sigan deterior\u00e1ndose ante la falta de inversi\u00f3n de Naci\u00f3n. Critic\u00f3 a legisladores opositores de zonas afectadas, como San Rafael, por no acompa\u00f1ar esta iniciativa.<\/p>\n\n\n\n<h2 class=\"wp-block-heading\">Cornejo pidi\u00f3 que Cristina sea tratada \u201ccomo cualquier ciudadano\u201d<\/h2>\n\n\n\n<p><strong>Al ser consultado por el rechazo de la Corte Suprema de Justicia al pedido de la ex presidenta Cristina Fern\u00e1ndez de Kirchner para que se revocara el fallo por la Causa Vialidad que la conden\u00f3 a 6 a\u00f1os de prisi\u00f3n, Alfredo Cornejo<\/strong>&nbsp;destac\u00f3 como un hecho positivo que la Justicia haya logrado cerrar este proceso.<\/p>\n\n\n\n<p>Adem\u00e1s, consider\u00f3 que es &#8220;ejemplar&#8221; que las causas judiciales avancen y concluyan de manera clara.<\/p>\n\n\n\n<p>Sin embargo, expres\u00f3 su desagrado respecto del debate p\u00fablico que rodea al caso, en particular por la construcci\u00f3n de un discurso de victimizaci\u00f3n en torno a&nbsp;<strong>Cristina Fern\u00e1ndez de Kirchner.<\/strong>&nbsp;Seg\u00fan se\u00f1al\u00f3, este relato genera confusi\u00f3n en la sociedad y divide a la opini\u00f3n p\u00fablica entre quienes sostienen su inocencia por motivos pol\u00edticos y quienes la consideran culpable sin profundizar en las pruebas concretas de la causa.<\/p>\n\n\n\n<p><strong>Cornejo&nbsp;<\/strong>remarc\u00f3 que los jueces de la Corte Suprema explicaron en su fallo que la ex presidenta no respondi\u00f3 de manera sustancial a las imputaciones que se le formularon en las distintas instancias judiciales, sino que opt\u00f3 por un mensaje de contenido pol\u00edtico. Para el mandatario, este hecho deber\u00eda ser tenido en cuenta a la hora de interpretar el desenlace de la causa.<\/p>\n\n\n\n<p>En cuanto al cumplimiento de la condena,\u00a0<strong>Cornejo<\/strong>\u00a0sostuvo que Fern\u00e1ndez de Kirchner debe ser tratada &#8220;como cualquier hijo de vecino&#8221;, respetando los derechos que le corresponden por su edad -como la posibilidad de acceder a la prisi\u00f3n domiciliaria si cumple con los requisitos legales-, pero sin recibir privilegios especiales por su condici\u00f3n de ex jefa de Estado.<\/p>\n\n\n\n<p><strong>Fuente: www.diariouno.com.ar<\/strong><\/p>\n","protected":false},"excerpt":{"rendered":"<p>Este mi\u00e9rcoles la&nbsp;C\u00e1mara de Diputados de Mendoza&nbsp;tom\u00f3 dos decisiones importantes: aprob\u00f3 por amplia mayor\u00eda la suspensi\u00f3n de las PASO en la provincia y vot\u00f3 a favor del convenio de la provincia con Vialidad Nacional para mantener las rutas que dependen de la Naci\u00f3n. Como ninguno de los dos proyectos fue apoyado por el PJ provincial,\u00a0Alfredo [&hellip;]<\/p>\n","protected":false},"author":2,"featured_media":13467,"comment_status":"open","ping_status":"open","sticky":false,"template":"","format":"standard","meta":[],"categories":[47],"tags":[],"_links":{"self":[{"href":"https:\/\/pasaenmendoza.com\/index.php?rest_route=\/wp\/v2\/posts\/13466"}],"collection":[{"href":"https:\/\/pasaenmendoza.com\/index.php?rest_route=\/wp\/v2\/posts"}],"about":[{"href":"https:\/\/pasaenmendoza.com\/index.php?rest_route=\/wp\/v2\/types\/post"}],"author":[{"embeddable":true,"href":"https:\/\/pasaenmendoza.com\/index.php?rest_route=\/wp\/v2\/users\/2"}],"replies":[{"embeddable":true,"href":"https:\/\/pasaenmendoza.com\/index.php?rest_route=%2Fwp%2Fv2%2Fcomments&post=13466"}],"version-history":[{"count":1,"href":"https:\/\/pasaenmendoza.com\/index.php?rest_route=\/wp\/v2\/posts\/13466\/revisions"}],"predecessor-version":[{"id":13468,"href":"https:\/\/pasaenmendoza.com\/index.php?rest_route=\/wp\/v2\/posts\/13466\/revisions\/13468"}],"wp:featuredmedia":[{"embeddable":true,"href":"https:\/\/pasaenmendoza.com\/index.php?rest_route=\/wp\/v2\/media\/13467"}],"wp:attachment":[{"href":"https:\/\/pasaenmendoza.com\/index.php?rest_route=%2Fwp%2Fv2%2Fmedia&parent=13466"}],"wp:term":[{"taxonomy":"category","embeddable":true,"href":"https:\/\/pasaenmendoza.com\/index.php?rest_route=%2Fwp%2Fv2%2Fcategories&post=13466"},{"taxonomy":"post_tag","embeddable":true,"href":"https:\/\/pasaenmendoza.com\/index.php?rest_route=%2Fwp%2Fv2%2Ftags&post=13466"}],"curies":[{"name":"wp","href":"https:\/\/api.w.org\/{rel}","templated":true}]}}