{"id":13469,"date":"2025-06-13T21:57:48","date_gmt":"2025-06-13T19:57:48","guid":{"rendered":"https:\/\/pasaenmendoza.com\/?p=13469"},"modified":"2025-06-13T21:57:49","modified_gmt":"2025-06-13T19:57:49","slug":"se-ocultaba-en-la-casa-de-su-hermana-quiso-escapar-pero-lo-atraparon-como-sospechoso-de-un-tiroteo-fatal","status":"publish","type":"post","link":"https:\/\/pasaenmendoza.com\/?p=13469","title":{"rendered":"Se ocultaba en la casa de su hermana, quiso escapar pero lo atraparon como sospechoso de un tiroteo fatal"},"content":{"rendered":"\n<p>Un joven de 20 a\u00f1os fue detenido este viernes por la ma\u00f1ana acusado de participar en el asesinato de Mirco Delson, ocurrido el 22 de mayo en el&nbsp;<strong>barrio Santa Teresita<\/strong>&nbsp;de Las Heras.<\/p>\n\n\n\n<p>Se trata de&nbsp;<strong>Iv\u00e1n Mortenssen Mercado<\/strong>, quien estaba pr\u00f3fugo desde el d\u00eda del ataque. Este sujeto se transfom\u00f3 en el segundo imputado de la causa, luego de que se entregara el presunto autor de los disparos.<\/p>\n\n\n\n<p>El procedimiento fue realizado por efectivos de la Divisi\u00f3n Homicidios de la Direcci\u00f3n General de Investigaciones, bajo la coordinaci\u00f3n de la fiscal Andrea Lazo. Los pesquisas lograron dar con el paradero del sospechoso tras detectar que frecuentaba una vivienda ubicada en calle Maip\u00fa, donde reside su hermana.<\/p>\n\n\n\n<p>Con esa informaci\u00f3n, se mont\u00f3 una vigilancia discreta en las inmediaciones. Al advertir la presencia policial, Mortenssen intent\u00f3 escapar, pero fue r\u00e1pidamente interceptado y reducido. Entre sus pertenencias, le secuestraron un tel\u00e9fono celular Motorola.<\/p>\n\n\n\n<p>Tras la detenci\u00f3n, fue trasladado al Polo Judicial, donde\u00a0<strong>fue imputado como coautor del delito de homicidio agravado por el uso de arma de fuego<\/strong>, al igual que el primer acusado, Daniel Lucero Palacio, quien se entreg\u00f3 d\u00edas despu\u00e9s del hecho y fue trasladado al penal.<\/p>\n\n\n\n<p>Seg\u00fan la investigaci\u00f3n, ambos j\u00f3venes se movilizaban en una motocicleta cuando abrieron fuego contra un grupo de personas en el<strong>\u00a0barrio Santa Teresita<\/strong>. Como consecuencia del ataque, muri\u00f3 Delson, de 20 a\u00f1os, y otros tres j\u00f3venes resultaron heridos, uno de ellos de gravedad.<\/p>\n\n\n\n<p><strong>Fuente: www.elsol.com.ar<\/strong><\/p>\n","protected":false},"excerpt":{"rendered":"<p>Un joven de 20 a\u00f1os fue detenido este viernes por la ma\u00f1ana acusado de participar en el asesinato de Mirco Delson, ocurrido el 22 de mayo en el&nbsp;barrio Santa Teresita&nbsp;de Las Heras. Se trata de&nbsp;Iv\u00e1n Mortenssen Mercado, quien estaba pr\u00f3fugo desde el d\u00eda del ataque. Este sujeto se transfom\u00f3 en el segundo imputado de la [&hellip;]<\/p>\n","protected":false},"author":2,"featured_media":13470,"comment_status":"open","ping_status":"open","sticky":false,"template":"","format":"standard","meta":[],"categories":[48],"tags":[],"_links":{"self":[{"href":"https:\/\/pasaenmendoza.com\/index.php?rest_route=\/wp\/v2\/posts\/13469"}],"collection":[{"href":"https:\/\/pasaenmendoza.com\/index.php?rest_route=\/wp\/v2\/posts"}],"about":[{"href":"https:\/\/pasaenmendoza.com\/index.php?rest_route=\/wp\/v2\/types\/post"}],"author":[{"embeddable":true,"href":"https:\/\/pasaenmendoza.com\/index.php?rest_route=\/wp\/v2\/users\/2"}],"replies":[{"embeddable":true,"href":"https:\/\/pasaenmendoza.com\/index.php?rest_route=%2Fwp%2Fv2%2Fcomments&post=13469"}],"version-history":[{"count":1,"href":"https:\/\/pasaenmendoza.com\/index.php?rest_route=\/wp\/v2\/posts\/13469\/revisions"}],"predecessor-version":[{"id":13471,"href":"https:\/\/pasaenmendoza.com\/index.php?rest_route=\/wp\/v2\/posts\/13469\/revisions\/13471"}],"wp:featuredmedia":[{"embeddable":true,"href":"https:\/\/pasaenmendoza.com\/index.php?rest_route=\/wp\/v2\/media\/13470"}],"wp:attachment":[{"href":"https:\/\/pasaenmendoza.com\/index.php?rest_route=%2Fwp%2Fv2%2Fmedia&parent=13469"}],"wp:term":[{"taxonomy":"category","embeddable":true,"href":"https:\/\/pasaenmendoza.com\/index.php?rest_route=%2Fwp%2Fv2%2Fcategories&post=13469"},{"taxonomy":"post_tag","embeddable":true,"href":"https:\/\/pasaenmendoza.com\/index.php?rest_route=%2Fwp%2Fv2%2Ftags&post=13469"}],"curies":[{"name":"wp","href":"https:\/\/api.w.org\/{rel}","templated":true}]}}