{"id":13472,"date":"2025-06-13T22:09:48","date_gmt":"2025-06-13T20:09:48","guid":{"rendered":"https:\/\/pasaenmendoza.com\/?p=13472"},"modified":"2025-06-13T22:09:49","modified_gmt":"2025-06-13T20:09:49","slug":"es-mendocino-escalo-un-edificio-en-puerto-madero-sin-arnes-y-fue-detenido","status":"publish","type":"post","link":"https:\/\/pasaenmendoza.com\/?p=13472","title":{"rendered":"Es mendocino, escal\u00f3 un edificio en Puerto Madero sin arn\u00e9s y fue detenido"},"content":{"rendered":"\n<p>Un\u00a0<strong>hombre de 28 a\u00f1os<\/strong>\u00a0sorprendi\u00f3 a todos en Capital Federal este jueves por la tarde al escalar a la torre Globant en Puerto Madero sin ning\u00fan tipo de protecci\u00f3n.<\/p>\n\n\n\n<p>Tras la sorpresa inicial y el desconcierto de las personas que estaban en la zona, la Polic\u00eda acudi\u00f3 al lugar y realizaron un procedimiento con el deportista extremo. Al identificarlo, desubrieron que se trataba de&nbsp;<strong>Juan Manuel Tejada, un joven oriundo de Mendoza<\/strong>.<\/p>\n\n\n\n<p>El mendocino es epecialista y realiza con frecuencia escalada, acroyoga, highline y paracaidismo, siempre practicando actividades extremas de alto riesgo y en diferentes ciudades del pa\u00eds.<\/p>\n\n\n\n<p>Seg\u00fan determinaron, la escalada del deportista fue&nbsp;<strong>desde el piso 15 y lleg\u00f3 hasta la cima en el piso 30<\/strong>, algo que hab\u00edan intentado otros escaladores en el pasado pero sin \u00e9xito.<\/p>\n\n\n\n<p>Sin embargo, aunque simp\u00e1tica,\u00a0<strong>la actividad de Tejada no fue avalada por las autoridades<\/strong>. La Polic\u00eda de la Ciudad lo redujo cuando descendi\u00f3 del edificio, fue trasladado y la Unidad de Flagrancia Este convalid\u00f3 su detenci\u00f3n. &#8220;Violaci\u00f3n de domicilio&#8221; fue la calificaci\u00f3n que recibi\u00f3 la causa inicialmente.<\/p>\n\n\n\n<p><strong>Fuente: www.mendozapost.com<\/strong><\/p>\n","protected":false},"excerpt":{"rendered":"<p>Un\u00a0hombre de 28 a\u00f1os\u00a0sorprendi\u00f3 a todos en Capital Federal este jueves por la tarde al escalar a la torre Globant en Puerto Madero sin ning\u00fan tipo de protecci\u00f3n. Tras la sorpresa inicial y el desconcierto de las personas que estaban en la zona, la Polic\u00eda acudi\u00f3 al lugar y realizaron un procedimiento con el deportista [&hellip;]<\/p>\n","protected":false},"author":2,"featured_media":13473,"comment_status":"open","ping_status":"open","sticky":false,"template":"","format":"standard","meta":[],"categories":[50],"tags":[],"_links":{"self":[{"href":"https:\/\/pasaenmendoza.com\/index.php?rest_route=\/wp\/v2\/posts\/13472"}],"collection":[{"href":"https:\/\/pasaenmendoza.com\/index.php?rest_route=\/wp\/v2\/posts"}],"about":[{"href":"https:\/\/pasaenmendoza.com\/index.php?rest_route=\/wp\/v2\/types\/post"}],"author":[{"embeddable":true,"href":"https:\/\/pasaenmendoza.com\/index.php?rest_route=\/wp\/v2\/users\/2"}],"replies":[{"embeddable":true,"href":"https:\/\/pasaenmendoza.com\/index.php?rest_route=%2Fwp%2Fv2%2Fcomments&post=13472"}],"version-history":[{"count":1,"href":"https:\/\/pasaenmendoza.com\/index.php?rest_route=\/wp\/v2\/posts\/13472\/revisions"}],"predecessor-version":[{"id":13474,"href":"https:\/\/pasaenmendoza.com\/index.php?rest_route=\/wp\/v2\/posts\/13472\/revisions\/13474"}],"wp:featuredmedia":[{"embeddable":true,"href":"https:\/\/pasaenmendoza.com\/index.php?rest_route=\/wp\/v2\/media\/13473"}],"wp:attachment":[{"href":"https:\/\/pasaenmendoza.com\/index.php?rest_route=%2Fwp%2Fv2%2Fmedia&parent=13472"}],"wp:term":[{"taxonomy":"category","embeddable":true,"href":"https:\/\/pasaenmendoza.com\/index.php?rest_route=%2Fwp%2Fv2%2Fcategories&post=13472"},{"taxonomy":"post_tag","embeddable":true,"href":"https:\/\/pasaenmendoza.com\/index.php?rest_route=%2Fwp%2Fv2%2Ftags&post=13472"}],"curies":[{"name":"wp","href":"https:\/\/api.w.org\/{rel}","templated":true}]}}