{"id":13475,"date":"2025-06-13T22:14:17","date_gmt":"2025-06-13T20:14:17","guid":{"rendered":"https:\/\/pasaenmendoza.com\/?p=13475"},"modified":"2025-06-13T22:14:18","modified_gmt":"2025-06-13T20:14:18","slug":"vecinos-casi-linchan-a-un-presunto-ladron-en-la-cuarta-seccion","status":"publish","type":"post","link":"https:\/\/pasaenmendoza.com\/?p=13475","title":{"rendered":"Vecinos casi linchan a un presunto ladr\u00f3n en la Cuarta Secci\u00f3n"},"content":{"rendered":"\n<p><strong>Un joven de 21 a\u00f1os fue arrestado<\/strong>\u00a0este jueves por la tarde en la<strong>\u00a0Cuarta Secci\u00f3n<\/strong>, de la Ciudad de Mendoza, luego de ser sorprendido\u00a0<strong>merodeando los techos de viviendas<\/strong>.\u00a0<\/p>\n\n\n\n<p>El hecho ocurri\u00f3 alrededor de las 19.20, cuando vecinos alertaron a trav\u00e9s del sistema Ojos en Alerta la presencia sospechosa de un intruso en calle Soler al 600. El sospechoso fue golpeado por algunos de los residentes de la zona<\/p>\n\n\n\n<p>Personal de vigilancia municipal inici\u00f3 un operativo de rastrillaje tras el aviso de que un hombre estaba en los techos de las casas. Tras una breve b\u00fasqueda, los preventores localizaron al sospechoso en calle Chile al 2800. El joven intent\u00f3 escapar, pero fue alcanzado y reducido por los agentes.<\/p>\n\n\n\n<p>En ese momento, un grupo de vecinos que hab\u00eda seguido la situaci\u00f3n intent\u00f3 agredir al individuo. Seg\u00fan testigos, algunos lograron golpearlo antes de que los preventores pudieran resguardarlo y solicitar el apoyo de la Polic\u00eda.<\/p>\n\n\n\n<p>Finalmente, efectivos policiales arribaron al lugar, aseguraron la aprehensi\u00f3n del sospechoso y lo trasladaron a la comisar\u00eda correspondiente. El detenido fue identificado como&nbsp;<strong>N\u00e9stor Leonel Ponce Barrionuevo.<\/strong><\/p>\n\n\n\n<p>El caso qued\u00f3 a disposici\u00f3n de la Oficina Fiscal en turno, mientras que las autoridades destacaron la colaboraci\u00f3n ciudadana, aunque recordaron que no se debe ejercer justicia por mano propia.<\/p>\n\n\n\n<p><strong>Fuente: www.mendozapost.com<\/strong><\/p>\n","protected":false},"excerpt":{"rendered":"<p>Un joven de 21 a\u00f1os fue arrestado\u00a0este jueves por la tarde en la\u00a0Cuarta Secci\u00f3n, de la Ciudad de Mendoza, luego de ser sorprendido\u00a0merodeando los techos de viviendas.\u00a0 El hecho ocurri\u00f3 alrededor de las 19.20, cuando vecinos alertaron a trav\u00e9s del sistema Ojos en Alerta la presencia sospechosa de un intruso en calle Soler al 600. [&hellip;]<\/p>\n","protected":false},"author":2,"featured_media":13476,"comment_status":"open","ping_status":"open","sticky":false,"template":"","format":"standard","meta":[],"categories":[48],"tags":[],"_links":{"self":[{"href":"https:\/\/pasaenmendoza.com\/index.php?rest_route=\/wp\/v2\/posts\/13475"}],"collection":[{"href":"https:\/\/pasaenmendoza.com\/index.php?rest_route=\/wp\/v2\/posts"}],"about":[{"href":"https:\/\/pasaenmendoza.com\/index.php?rest_route=\/wp\/v2\/types\/post"}],"author":[{"embeddable":true,"href":"https:\/\/pasaenmendoza.com\/index.php?rest_route=\/wp\/v2\/users\/2"}],"replies":[{"embeddable":true,"href":"https:\/\/pasaenmendoza.com\/index.php?rest_route=%2Fwp%2Fv2%2Fcomments&post=13475"}],"version-history":[{"count":1,"href":"https:\/\/pasaenmendoza.com\/index.php?rest_route=\/wp\/v2\/posts\/13475\/revisions"}],"predecessor-version":[{"id":13477,"href":"https:\/\/pasaenmendoza.com\/index.php?rest_route=\/wp\/v2\/posts\/13475\/revisions\/13477"}],"wp:featuredmedia":[{"embeddable":true,"href":"https:\/\/pasaenmendoza.com\/index.php?rest_route=\/wp\/v2\/media\/13476"}],"wp:attachment":[{"href":"https:\/\/pasaenmendoza.com\/index.php?rest_route=%2Fwp%2Fv2%2Fmedia&parent=13475"}],"wp:term":[{"taxonomy":"category","embeddable":true,"href":"https:\/\/pasaenmendoza.com\/index.php?rest_route=%2Fwp%2Fv2%2Fcategories&post=13475"},{"taxonomy":"post_tag","embeddable":true,"href":"https:\/\/pasaenmendoza.com\/index.php?rest_route=%2Fwp%2Fv2%2Ftags&post=13475"}],"curies":[{"name":"wp","href":"https:\/\/api.w.org\/{rel}","templated":true}]}}