{"id":13478,"date":"2025-06-13T22:32:05","date_gmt":"2025-06-13T20:32:05","guid":{"rendered":"https:\/\/pasaenmendoza.com\/?p=13478"},"modified":"2025-06-13T22:32:06","modified_gmt":"2025-06-13T20:32:06","slug":"el-anabelismo-ya-presento-fichas-de-afiliacion-para-su-renovado-partido-unidad-popular","status":"publish","type":"post","link":"https:\/\/pasaenmendoza.com\/?p=13478","title":{"rendered":"El anabelismo ya present\u00f3 fichas de afiliaci\u00f3n para su renovado partido Unidad Popular"},"content":{"rendered":"\n<p>Cecilia Juri, la ex legisladora<strong>\u00a0kirchnerista<\/strong>, actual apoderada de\u00a0<strong>Unidad Popular<\/strong>, present\u00f3 afiliaciones en la Justicia electoral, siguiendo con el tr\u00e1mite requerido para que el partido pol\u00edtico recupere su personer\u00eda jur\u00eddica para participar de las elecciones 2025.<\/p>\n\n\n\n<p>La reactivaci\u00f3n del sello, ligado al&nbsp;<strong>peronismo<\/strong>, es impulsada por el sector que responde a&nbsp;<strong>Anabel Fern\u00e1ndez Sagasti<\/strong>&nbsp;y que est\u00e1 distanciado de la c\u00fapula del Partido Justicialista y los intendentes peronistas.<\/p>\n\n\n\n<p>Se trata de un tr\u00e1mite iniciado ante el Juzgado Federal N\u00b01 con competencia electoral que ser\u00e1 de utilidad para parte del\u00a0<strong>kirchnerismo mendocino<\/strong>\u00a0si es que finalmente resuelve presentarse a\u00a0<strong>elecciones<\/strong>\u00a0con lista propia.<\/p>\n\n\n\n<p>La presentaci\u00f3n de al menos 4.000 afiliaciones es requisito para el otorgamiento de la readquisici\u00f3n definitiva de la personer\u00eda jur\u00eddica del&nbsp;<strong>partido pol\u00edtico<\/strong>&nbsp;caduco; aunque el juez Pablo Quiroz \u2013ya reemplazado para estos comicios por Susana Pravata- ya hab\u00eda resuelto la provisoria el pasado 29 de mayo.<\/p>\n\n\n\n<h2 class=\"wp-block-heading\"><strong>Partido para el kirchnerismo, a la espera de novedades<\/strong><\/h2>\n\n\n\n<p>Mientras internamente se define la unidad o la divisi\u00f3n del&nbsp;<strong>Partido Justicialista<\/strong>&nbsp;para este proceso electoral, el&nbsp;<strong>kirchnerismo<\/strong>&nbsp;avanza en el proceso para tener su propio partido pol\u00edtico.<\/p>\n\n\n\n<p>\u201cPronto habr\u00e1 novedades\u201d, anticip\u00f3 a\u00a0S\u00e9ptimo D\u00eda el senador F\u00e9lix Gonz\u00e1lez sobre la definici\u00f3n de\u00a0<strong>Fern\u00e1ndez Sagasti<\/strong>\u00a0para jugar por dentro o por fuera del PJ.<\/p>\n\n\n\n<p>En tanto, la&nbsp;<strong>Justicia electoral<\/strong>&nbsp;ya dio por cumplidos par\u00e1metros como la presentaci\u00f3n de la Carta Org\u00e1nica, la Declaraci\u00f3n de Principios y las Bases de Acci\u00f3n Pol\u00edtica; otorgando as\u00ed la rehabilitaci\u00f3n provisoria.<\/p>\n\n\n\n<p>La obtenci\u00f3n de la personer\u00eda jur\u00eddica en forma definitiva qued\u00f3 condicionada a la acreditaci\u00f3n de la afiliaci\u00f3n de 4.000 electores del Registro de este Distrito Mendoza, con sus correspondientes fichas certificadas por la autoridad partidaria (lo que se present\u00f3 este jueves en caja cerrada sin contar); y a que se realicen\u00a0<strong>elecciones<\/strong>\u00a0internas para constituir las autoridades definitivas.<\/p>\n\n\n\n<figure class=\"wp-block-image\"><img decoding=\"async\" src=\"https:\/\/media.diariouno.com.ar\/p\/85e78cf84285a5df0130247e1e3063f7\/adjuntos\/298\/imagenes\/009\/571\/0009571900\/1200x0\/smart\/unidad-popular-kirchnerismo-logowebp.png\" alt=\"Logo aprobado para Unidad Popular en la Justicia electoral.\" title=\"Logo aprobado para Unidad Popular en la Justicia electoral.\"\/><\/figure>\n\n\n\n<p>Logo aprobado para Unidad Popular en la Justicia electoral.<\/p>\n\n\n\n<p>Por lo pronto, la Junta Promotora qued\u00f3 conformada por la presidenta&nbsp;<strong>Cecilia Yael Juri<\/strong>; la secretaria Romina Flores Cerezo; y los vocales Rodrigo Savino, Cynthia Macarena Grimalt y Franco Esteban Castro.<\/p>\n\n\n\n<p>En tanto, como certificadores de firmas -en fichas de adhesiones,\u00a0<strong>afiliaciones<\/strong>\u00a0y documental asociada a\u00a0<strong>Unidad Popular<\/strong>&#8211; quedaron designadas las\u00a0<strong>kirchneristas<\/strong>\u00a0Mar\u00eda Mercedes Femen\u00eda y la propia Juri.<\/p>\n\n\n\n<p><strong>Fuente: www.diariouno.com.ar<\/strong><\/p>\n","protected":false},"excerpt":{"rendered":"<p>Cecilia Juri, la ex legisladora\u00a0kirchnerista, actual apoderada de\u00a0Unidad Popular, present\u00f3 afiliaciones en la Justicia electoral, siguiendo con el tr\u00e1mite requerido para que el partido pol\u00edtico recupere su personer\u00eda jur\u00eddica para participar de las elecciones 2025. La reactivaci\u00f3n del sello, ligado al&nbsp;peronismo, es impulsada por el sector que responde a&nbsp;Anabel Fern\u00e1ndez Sagasti&nbsp;y que est\u00e1 distanciado de [&hellip;]<\/p>\n","protected":false},"author":2,"featured_media":13479,"comment_status":"open","ping_status":"open","sticky":false,"template":"","format":"standard","meta":[],"categories":[47],"tags":[],"_links":{"self":[{"href":"https:\/\/pasaenmendoza.com\/index.php?rest_route=\/wp\/v2\/posts\/13478"}],"collection":[{"href":"https:\/\/pasaenmendoza.com\/index.php?rest_route=\/wp\/v2\/posts"}],"about":[{"href":"https:\/\/pasaenmendoza.com\/index.php?rest_route=\/wp\/v2\/types\/post"}],"author":[{"embeddable":true,"href":"https:\/\/pasaenmendoza.com\/index.php?rest_route=\/wp\/v2\/users\/2"}],"replies":[{"embeddable":true,"href":"https:\/\/pasaenmendoza.com\/index.php?rest_route=%2Fwp%2Fv2%2Fcomments&post=13478"}],"version-history":[{"count":1,"href":"https:\/\/pasaenmendoza.com\/index.php?rest_route=\/wp\/v2\/posts\/13478\/revisions"}],"predecessor-version":[{"id":13481,"href":"https:\/\/pasaenmendoza.com\/index.php?rest_route=\/wp\/v2\/posts\/13478\/revisions\/13481"}],"wp:featuredmedia":[{"embeddable":true,"href":"https:\/\/pasaenmendoza.com\/index.php?rest_route=\/wp\/v2\/media\/13479"}],"wp:attachment":[{"href":"https:\/\/pasaenmendoza.com\/index.php?rest_route=%2Fwp%2Fv2%2Fmedia&parent=13478"}],"wp:term":[{"taxonomy":"category","embeddable":true,"href":"https:\/\/pasaenmendoza.com\/index.php?rest_route=%2Fwp%2Fv2%2Fcategories&post=13478"},{"taxonomy":"post_tag","embeddable":true,"href":"https:\/\/pasaenmendoza.com\/index.php?rest_route=%2Fwp%2Fv2%2Ftags&post=13478"}],"curies":[{"name":"wp","href":"https:\/\/api.w.org\/{rel}","templated":true}]}}