{"id":13482,"date":"2025-06-13T22:35:22","date_gmt":"2025-06-13T20:35:22","guid":{"rendered":"https:\/\/pasaenmendoza.com\/?p=13482"},"modified":"2025-06-13T22:35:23","modified_gmt":"2025-06-13T20:35:23","slug":"con-17-la-inflacion-en-mendoza-fue-la-menor-del-ano-y-el-ipc-nacional-el-mas-bajo-desde-pandemia","status":"publish","type":"post","link":"https:\/\/pasaenmendoza.com\/?p=13482","title":{"rendered":"Con 1,7% la inflaci\u00f3n en Mendoza fue la menor del a\u00f1o y el IPC nacional el m\u00e1s bajo desde pandemia"},"content":{"rendered":"\n<p>Seg\u00fan la medici\u00f3n oficial que refleja el\u00a0<strong>IPC<\/strong>\u00a0(\u00cdndice de Precios al Consumidor) de la Direcci\u00f3n de Estad\u00edsticas de Mendoza (DEIE) la\u00a0<strong>inflaci\u00f3n<\/strong>\u00a0volvi\u00f3 a bajar en mayo al 1,7% mensual. Un dato que, junto al\u00a0<strong>1,5% nacional<\/strong>\u00a0calculada por\u00a0<strong>INDEC<\/strong>, se ubica adem\u00e1s entre\u00a0<strong>los \u00edndices m\u00e1s bajos desde 2020, en plena pandemia<\/strong>.<\/p>\n\n\n\n<p>Es que el&nbsp;<strong>IPC de mayo perfor\u00f3 el 2,2% de enero<\/strong>, hasta ahora el m\u00e1s bajo desde la pandemia, luego de llegar a 2,8% en abril. En&nbsp;<strong>julio de 2020<\/strong>, el INDEC hab\u00eda arrojado una variaci\u00f3n de precios de&nbsp;<strong>1,9%<\/strong>.<\/p>\n\n\n\n<p>En Mendoza significa\u00a0haber alterado la estabilidad inflacionaria de los dos meses anteriores, en torno al 3,1%. Y de esa forma\u00a0<strong>acumula un 11,9% en lo que va del a\u00f1o,<\/strong>\u00a0que hab\u00eda comenzado\u00a0<strong>con 1% en enero<\/strong>.<\/p>\n\n\n\n<p>Entre los cap\u00edtulos que sostuvieron el valor de mayo aparecen&nbsp;<strong>Indumentaria<\/strong>, seguido por&nbsp;<strong>Educaci\u00f3n y Gastos para la Salud<\/strong>.<\/p>\n\n\n\n<p>El Relevamiento de Expectativas de Mercado (REM), que elabora el Banco Central en base a las estimaciones privadas, hab\u00eda pronosticado que la inflaci\u00f3n del quinto mes del 2025 estar\u00eda en 2,1%. Y m\u00e1s all\u00e1 de mesetas y ca\u00edda, ya\u00a0<strong>proyecta una inflaci\u00f3n interanual de 28,6% a finales del 2025<\/strong>.<\/p>\n\n\n\n<h2 class=\"wp-block-heading\">La inflaci\u00f3n en Mendoza<\/h2>\n\n\n\n<p>En la composici\u00f3n del dato de inflaci\u00f3n provincial de acuerdo a la DEIE&nbsp;<strong>Indumentaria creci\u00f3 4,7%<\/strong>&nbsp;respecto de abril, convirti\u00e9ndose en la punta de lanza del IPC de mayo.<\/p>\n\n\n\n<p>M\u00e1s atr\u00e1s aparece&nbsp;<strong>Educaci\u00f3n<\/strong>, con 4,1%. Y&nbsp;<strong>Atenci\u00f3n M\u00e9dica y Gastos para la Salud<\/strong>&nbsp;(3,5%).<\/p>\n\n\n\n<p>Por su parte, el habitualmente influyente&nbsp;<strong>Alimentos y Bebidas,<\/strong>&nbsp;uno de los term\u00f3metros para el bolsillo de los mendocinos,&nbsp;<strong>qued\u00f3 relegado a s\u00f3lo 1,2%.&nbsp;<\/strong>Sin embargo, despu\u00e9s de Educaci\u00f3n es&nbsp;<strong>el m\u00e1s m\u00e1s inflacionario en lo que va del a\u00f1o<\/strong>.<\/p>\n\n\n\n<p>Con todo, m\u00e1s all\u00e1 de acercarse a casi 12% en los primeros cinco meses, con el \u00edndice de mayo la<strong>&nbsp;variaci\u00f3n interanual<\/strong>&nbsp;de la inflaci\u00f3n ya lleg\u00f3 al&nbsp;<strong>41,6%.<\/strong><\/p>\n\n\n\n<p>En el promedio, para encontrar otro IPC comparable hay que remontarse al 2024. El \u00faltimo valor similar se&nbsp;<strong>registr\u00f3 en octubre<\/strong>, con una variaci\u00f3n de precios de&nbsp;<strong>1,9%.<\/strong><\/p>\n\n\n\n<h2 class=\"wp-block-heading\">El IPC nacional seg\u00fan INDEC<\/h2>\n\n\n\n<p>Por su parte, la radiograf\u00eda de la variaci\u00f3n de precios a nivel pa\u00eds muestra otros factores incidentales. Todo esto teniendo en cuenta que INDEC pondera la inflaci\u00f3n dividi\u00e9ndola en 3 grandes categor\u00edas: los precios estacionales, la llamada &#8220;inflaci\u00f3n n\u00facleo&#8221; y los regulados.<\/p>\n\n\n\n<p>Para el INDEC, el&nbsp;<strong>1,5% de mayo&nbsp;<\/strong>se explica sobre todo por la suba de<strong>&nbsp;tarifas de telefon\u00eda e Internet (4,1%),&nbsp;<\/strong>seguida por la divisi\u00f3n&nbsp;<strong>Restaurantes y Hoteles (3%)<\/strong>, y Salud (2,7%). A su vez,&nbsp;<strong>Bienes y Servicios junto a Vivienda y tarifas<\/strong>, con el&nbsp;<strong>2,6%<\/strong>&nbsp;completan los cap\u00edtulos m\u00e1s pesados del mes pese a promediar un IPC bajo.<\/p>\n\n\n\n<p>En general, la medici\u00f3n tambi\u00e9n confirm\u00f3 que el \u00faltimo mes, con 2,7% la&nbsp;<strong>variaci\u00f3n de los servicios triplic\u00f3 a la de los bienes.<\/strong><\/p>\n\n\n\n<p>Si se repasan las categor\u00edas que toma INDEC para el \u00edndice nacional, surge que la&nbsp;<strong>inflaci\u00f3n n\u00facleo<\/strong>&nbsp;(precios no sujetos a la estacionalidad, como algunos alimentos y bebidas, adem\u00e1s de combustibles)<strong>&nbsp;es la que m\u00e1s subi\u00f3,&nbsp;<\/strong>con el 1,4% mensual y 9,7% en lo que va del a\u00f1o, seguida por los&nbsp;<strong>precios o tarifas reguladas<\/strong>.<\/p>\n\n\n\n<p>Al sumar el valor de mayo, en el\u00a0<strong>acumulado interanual<\/strong>\u00a0el IPC a nivel pa\u00eds ya lleg\u00f3 al\u00a0<strong>43,6%<\/strong>. Es decir,\u00a0<strong>2 puntos arriba<\/strong>\u00a0del valor estad\u00edstico medido en\u00a0<strong>Mendoza<\/strong>.<\/p>\n\n\n\n<p><strong>Fuente: www.diariouno.com.ar<\/strong><\/p>\n","protected":false},"excerpt":{"rendered":"<p>Seg\u00fan la medici\u00f3n oficial que refleja el\u00a0IPC\u00a0(\u00cdndice de Precios al Consumidor) de la Direcci\u00f3n de Estad\u00edsticas de Mendoza (DEIE) la\u00a0inflaci\u00f3n\u00a0volvi\u00f3 a bajar en mayo al 1,7% mensual. Un dato que, junto al\u00a01,5% nacional\u00a0calculada por\u00a0INDEC, se ubica adem\u00e1s entre\u00a0los \u00edndices m\u00e1s bajos desde 2020, en plena pandemia. Es que el&nbsp;IPC de mayo perfor\u00f3 el 2,2% de [&hellip;]<\/p>\n","protected":false},"author":2,"featured_media":13484,"comment_status":"open","ping_status":"open","sticky":false,"template":"","format":"standard","meta":[],"categories":[75],"tags":[],"_links":{"self":[{"href":"https:\/\/pasaenmendoza.com\/index.php?rest_route=\/wp\/v2\/posts\/13482"}],"collection":[{"href":"https:\/\/pasaenmendoza.com\/index.php?rest_route=\/wp\/v2\/posts"}],"about":[{"href":"https:\/\/pasaenmendoza.com\/index.php?rest_route=\/wp\/v2\/types\/post"}],"author":[{"embeddable":true,"href":"https:\/\/pasaenmendoza.com\/index.php?rest_route=\/wp\/v2\/users\/2"}],"replies":[{"embeddable":true,"href":"https:\/\/pasaenmendoza.com\/index.php?rest_route=%2Fwp%2Fv2%2Fcomments&post=13482"}],"version-history":[{"count":1,"href":"https:\/\/pasaenmendoza.com\/index.php?rest_route=\/wp\/v2\/posts\/13482\/revisions"}],"predecessor-version":[{"id":13485,"href":"https:\/\/pasaenmendoza.com\/index.php?rest_route=\/wp\/v2\/posts\/13482\/revisions\/13485"}],"wp:featuredmedia":[{"embeddable":true,"href":"https:\/\/pasaenmendoza.com\/index.php?rest_route=\/wp\/v2\/media\/13484"}],"wp:attachment":[{"href":"https:\/\/pasaenmendoza.com\/index.php?rest_route=%2Fwp%2Fv2%2Fmedia&parent=13482"}],"wp:term":[{"taxonomy":"category","embeddable":true,"href":"https:\/\/pasaenmendoza.com\/index.php?rest_route=%2Fwp%2Fv2%2Fcategories&post=13482"},{"taxonomy":"post_tag","embeddable":true,"href":"https:\/\/pasaenmendoza.com\/index.php?rest_route=%2Fwp%2Fv2%2Ftags&post=13482"}],"curies":[{"name":"wp","href":"https:\/\/api.w.org\/{rel}","templated":true}]}}