{"id":13488,"date":"2025-06-17T15:46:15","date_gmt":"2025-06-17T13:46:15","guid":{"rendered":"https:\/\/pasaenmendoza.com\/?p=13488"},"modified":"2025-06-17T15:46:16","modified_gmt":"2025-06-17T13:46:16","slug":"leve-descenso-de-la-temperatura-y-lluvias-aisladas-asi-estara-el-tiempo-en-mendoza","status":"publish","type":"post","link":"https:\/\/pasaenmendoza.com\/?p=13488","title":{"rendered":"Leve descenso de la temperatura y lluvias aisladas: as\u00ed estar\u00e1 el tiempo en Mendoza"},"content":{"rendered":"\n<p>El&nbsp;<strong>martes<\/strong>&nbsp;arranca con cielo parcialmente nublado con leve descenso de la temperatura, vientos moderados del sector sur. Se esperan precipitaciones aisladas y nevadas en cordillera.<\/p>\n\n\n\n<p><strong>La m\u00ednima para este martes ser\u00e1 de 5 grados y la m\u00e1xima de 14.<\/strong><\/p>\n\n\n\n<p>Para el\u00a0<strong>mi\u00e9rcoles,\u00a0<\/strong>la Direcci\u00f3n de Contingencias Clim\u00e1ticas indica: \u201cCielo algo nublado con poco cambio de la temperatura, vientos leves del noreste. Heladas parciales. Poco nuboso en cordillera\u201d.<\/p>\n\n\n\n<p>La m\u00ednima ser\u00e1 de 3 grados y la m\u00e1xima de 16.<\/p>\n\n\n\n<p>El&nbsp;<strong>jueves<\/strong>&nbsp;se presentar\u00e1 con \u201cpoca nubosidad con ascenso de la temperatura y heladas parciales, vientos leves del sector norte. Poco nuboso en cordillera\u201d.<strong>&nbsp;La m\u00ednima ser\u00e1 de 3 grados y la m\u00e1xima de 18.<\/strong><\/p>\n\n\n\n<p>En tanto, para el\u00a0<strong>s\u00e1bado\u00a0<\/strong>se prev\u00e9: \u201cPoca nubosidad con poco cambio de la temperatura, vientos leves del noreste. Heladas parciales. Poco nuboso en cordillera\u201d.\u00a0<strong>La m\u00ednima ser\u00e1 de 4 grados y la m\u00e1xima de 17.<\/strong><\/p>\n\n\n\n<p><strong>Fuente: www.elsol.com.ar<\/strong><\/p>\n","protected":false},"excerpt":{"rendered":"<p>El&nbsp;martes&nbsp;arranca con cielo parcialmente nublado con leve descenso de la temperatura, vientos moderados del sector sur. Se esperan precipitaciones aisladas y nevadas en cordillera. La m\u00ednima para este martes ser\u00e1 de 5 grados y la m\u00e1xima de 14. Para el\u00a0mi\u00e9rcoles,\u00a0la Direcci\u00f3n de Contingencias Clim\u00e1ticas indica: \u201cCielo algo nublado con poco cambio de la temperatura, vientos [&hellip;]<\/p>\n","protected":false},"author":2,"featured_media":13489,"comment_status":"open","ping_status":"open","sticky":false,"template":"","format":"standard","meta":[],"categories":[52],"tags":[],"_links":{"self":[{"href":"https:\/\/pasaenmendoza.com\/index.php?rest_route=\/wp\/v2\/posts\/13488"}],"collection":[{"href":"https:\/\/pasaenmendoza.com\/index.php?rest_route=\/wp\/v2\/posts"}],"about":[{"href":"https:\/\/pasaenmendoza.com\/index.php?rest_route=\/wp\/v2\/types\/post"}],"author":[{"embeddable":true,"href":"https:\/\/pasaenmendoza.com\/index.php?rest_route=\/wp\/v2\/users\/2"}],"replies":[{"embeddable":true,"href":"https:\/\/pasaenmendoza.com\/index.php?rest_route=%2Fwp%2Fv2%2Fcomments&post=13488"}],"version-history":[{"count":1,"href":"https:\/\/pasaenmendoza.com\/index.php?rest_route=\/wp\/v2\/posts\/13488\/revisions"}],"predecessor-version":[{"id":13490,"href":"https:\/\/pasaenmendoza.com\/index.php?rest_route=\/wp\/v2\/posts\/13488\/revisions\/13490"}],"wp:featuredmedia":[{"embeddable":true,"href":"https:\/\/pasaenmendoza.com\/index.php?rest_route=\/wp\/v2\/media\/13489"}],"wp:attachment":[{"href":"https:\/\/pasaenmendoza.com\/index.php?rest_route=%2Fwp%2Fv2%2Fmedia&parent=13488"}],"wp:term":[{"taxonomy":"category","embeddable":true,"href":"https:\/\/pasaenmendoza.com\/index.php?rest_route=%2Fwp%2Fv2%2Fcategories&post=13488"},{"taxonomy":"post_tag","embeddable":true,"href":"https:\/\/pasaenmendoza.com\/index.php?rest_route=%2Fwp%2Fv2%2Ftags&post=13488"}],"curies":[{"name":"wp","href":"https:\/\/api.w.org\/{rel}","templated":true}]}}